{"id":57910,"date":"2023-07-24T08:31:15","date_gmt":"2023-07-24T13:31:15","guid":{"rendered":"http:\/\/www.zonaroja.com.mx\/?p=57910"},"modified":"2023-07-24T08:31:19","modified_gmt":"2023-07-24T13:31:19","slug":"en-una-semana-mueren-tres-policias-estatales-dos-por-presunto-suicidio","status":"publish","type":"post","link":"https:\/\/zonaroja.com.mx\/?p=57910","title":{"rendered":"En una semana mueren tres polic\u00edas estatales, dos por presunto suicidio"},"content":{"rendered":"\n<p>Redacci\u00f3n\/Zona Roja.<\/p>\n\n\n\n<p>Oaxaca de Ju\u00e1rez, Oax., a 24 de julio de 2023.- En una semana, tres polic\u00edas estatales de Oaxaca han perdido la vida, uno por ahogamiento y dos por presunto suicidio.&nbsp;<\/p>\n\n\n\n<p>El m\u00e1s reciente caso ocurri\u00f3 la tarde del viernes, cuando un grupo de uniformados acudi\u00f3 a distraerse en un balneario del municipio de Ejutla de Crespo, en la regi\u00f3n Valles Centrales.<\/p>\n\n\n\n<p>Sin embargo, Gustavo \u201cN\u201d, elemento de la Polic\u00eda Estatal fuera de servicio ese d\u00eda, se meti\u00f3 a nadar tras ingerir alimentos, lo que habr\u00edan originado que perdiera la vida en la alberca.<\/p>\n\n\n\n<p>Sus compa\u00f1eros lo rescataron y lo trasladaron a un centro de salud, donde corroboraron que ya no contaba con signos vitales.<\/p>\n\n\n\n<p>El mismo viernes pero alrededor del mediod\u00eda, una persona del sexo masculino supuestamente se suicid\u00f3 de un tercer piso en un inmueble ubicado en la calle Miguel Cabrera del centro de la ciudad de Oaxaca.<\/p>\n\n\n\n<p>Perdi\u00f3 la vida al instante y fue identificado como Jacobo Abad M. P., integrante de la Polic\u00eda Estatal; otra versi\u00f3n es que padec\u00eda de ataques epil\u00e9pticos y uno de los cuales le habr\u00eda dado por lo cual cay\u00f3 al pavimento tras romperse el vidrio del \u00e1rea donde estaba.<\/p>\n\n\n\n<p>Y el lunes de hace ocho d\u00edas, un elemento de la Polic\u00eda Auxiliar, Bancaria, Industrial y Comercial (PABIC) presuntamente se suicid\u00f3 con su arma de fuego.<\/p>\n\n\n\n<p>\u00c9dgar Jes\u00fas \u201cN\u201d presuntamente regresaba la madrugada de ese lunes de la Feria del Mezcal, cuando en jurisdicci\u00f3n de la colonia V\u00edctor Bravo Ah\u00faja del municipio de Santa Luc\u00eda del Camino.<\/p>\n\n\n\n<p>De acuerdo con autoridades estatales, existen videos de la zona que corroboran que, tras discutir con su pareja, el polic\u00eda se dispar\u00f3 a la cabeza.<\/p>\n","protected":false},"excerpt":{"rendered":"<p>Redacci\u00f3n\/Zona Roja. Oaxaca de Ju\u00e1rez, Oax., a 24 de julio de 2023.- En una semana,&hellip;<\/p>\n","protected":false},"author":2,"featured_media":57911,"comment_status":"closed","ping_status":"open","sticky":false,"template":"","format":"standard","meta":{"_lmt_disableupdate":"","_lmt_disable":"","_jetpack_memberships_contains_paid_content":false,"footnotes":""},"categories":[109,47],"tags":[],"class_list":["post-57910","post","type-post","status-publish","format-standard","has-post-thumbnail","hentry","category-minuto-a-minuto","category-zona-gris"],"jetpack_featured_media_url":"https:\/\/zonaroja.com.mx\/wp-content\/uploads\/2023\/07\/Policia-estatal-se-suicida-ciudad-de-Oaxaca.jpg","jetpack_sharing_enabled":true,"_links":{"self":[{"href":"https:\/\/zonaroja.com.mx\/index.php?rest_route=\/wp\/v2\/posts\/57910","targetHints":{"allow":["GET"]}}],"collection":[{"href":"https:\/\/zonaroja.com.mx\/index.php?rest_route=\/wp\/v2\/posts"}],"about":[{"href":"https:\/\/zonaroja.com.mx\/index.php?rest_route=\/wp\/v2\/types\/post"}],"author":[{"embeddable":true,"href":"https:\/\/zonaroja.com.mx\/index.php?rest_route=\/wp\/v2\/users\/2"}],"replies":[{"embeddable":true,"href":"https:\/\/zonaroja.com.mx\/index.php?rest_route=%2Fwp%2Fv2%2Fcomments&post=57910"}],"version-history":[{"count":1,"href":"https:\/\/zonaroja.com.mx\/index.php?rest_route=\/wp\/v2\/posts\/57910\/revisions"}],"predecessor-version":[{"id":57912,"href":"https:\/\/zonaroja.com.mx\/index.php?rest_route=\/wp\/v2\/posts\/57910\/revisions\/57912"}],"wp:featuredmedia":[{"embeddable":true,"href":"https:\/\/zonaroja.com.mx\/index.php?rest_route=\/wp\/v2\/media\/57911"}],"wp:attachment":[{"href":"https:\/\/zonaroja.com.mx\/index.php?rest_route=%2Fwp%2Fv2%2Fmedia&parent=57910"}],"wp:term":[{"taxonomy":"category","embeddable":true,"href":"https:\/\/zonaroja.com.mx\/index.php?rest_route=%2Fwp%2Fv2%2Fcategories&post=57910"},{"taxonomy":"post_tag","embeddable":true,"href":"https:\/\/zonaroja.com.mx\/index.php?rest_route=%2Fwp%2Fv2%2Ftags&post=57910"}],"curies":[{"name":"wp","href":"https:\/\/api.w.org\/{rel}","templated":true}]}}