{"id":57913,"date":"2023-07-24T13:31:00","date_gmt":"2023-07-24T18:31:00","guid":{"rendered":"http:\/\/www.zonaroja.com.mx\/?p=57913"},"modified":"2023-07-24T08:47:25","modified_gmt":"2023-07-24T13:47:25","slug":"atacaron-a-balazos-a-una-periodista-y-su-hija-en-jalisco","status":"publish","type":"post","link":"https:\/\/zonaroja.com.mx\/?p=57913","title":{"rendered":"Atacaron a balazos a una periodista y su hija, en Jalisco"},"content":{"rendered":"\n<p>Redacci\u00f3n\/Zona Roja Cdmx.<\/p>\n\n\n\n<p>Ciudad de M\u00e9xico, a 24 de julio de 2023.- La periodista jalisciense Mar\u00eda Luisa Estrada Hern\u00e1ndez sufri\u00f3 un atentado a balazos en Guadalajara cuando, en compa\u00f1\u00eda de su hija menor de edad, circulaba por la avenida Javier Mina el pasado 15 de julio. Ambas salieron ilesas.<\/p>\n\n\n\n<p>La comunicadora, quien ejerce la profesi\u00f3n de manera independiente en su portal electr\u00f3nico \u201cLa Grillotina Pol\u00edtica\u201d, reproch\u00f3 que tanto autoridades municipales y estatales, as\u00ed como de la Fiscal\u00eda General de la Rep\u00fablica (FGR) y del Mecanismo de Protecci\u00f3n para Personas Defensoras de Derechos Humanos y Periodistas, no han tomado las medidas adecuadas para garantizar su seguridad, por lo que se siente en alto riesgo.<\/p>\n\n\n\n<p>Relat\u00f3 que un sujeto a bordo de una camioneta Mazda CX-5 con placas RAY-001-A (a la que tom\u00f3 fotograf\u00edas), dispar\u00f3 en cinco ocasiones en su contra, como consta en la denuncia que present\u00f3 ante la FGR, ya que ejerci\u00f3 su derecho a que su caso no estuviera a cargo de la Fiscal\u00eda General de Justicia de Jalisco, instituci\u00f3n de la cual sospecha que est\u00e1 coludida con grupos delictivos.<\/p>\n\n\n\n<p>Dijo que la agresi\u00f3n ha trascendido muy poco debido al \u201ccerco informativo\u201d que existe en la entidad, donde la mayor\u00eda de los medios tradicionales reciben contratos publicitarios del gobierno estatal, que encabeza Enrique Alfaro, y del ayuntamiento de Guadalajara, a cargo de Pablo Lemus, ambos del partido Movimiento Ciudadano, a quienes ha se\u00f1alado de manera reiterada en La Grillotina Pol\u00edtica por presuntos actos de corrupci\u00f3n.<\/p>\n\n\n\n<p>MECANISMO NO FUNCIONA<\/p>\n\n\n\n<p>La comunicadora record\u00f3 que el 15 de julio, luego del atentado y mientras polic\u00edas de Guadalajara se acercaron para auxiliarla, uno de ellos, del grupo especializado en violencia contra mujeres (\u201cdel cual tengo fotograf\u00edas y nombre\u201d) le dijo que el ataque fue \u201cun mensaje\u201d, que si hubieran querido matarla ya estar\u00eda muerta y que mejor \u201cle bajara\u201d a sus publicaciones, lo cual afianz\u00f3 su decisi\u00f3n de dirigirse a las autoridades federales a pedir apoyo.<\/p>\n\n\n\n<p>Pero seg\u00fan su relato, en la FGR tampoco la trataron con la diligencia obligatoria en un caso de esa naturaleza y fue hace apenas unos d\u00edas cuando comenzaron a atenderla de manera formal.<\/p>\n\n\n\n<p>Estrada Hern\u00e1ndez se quej\u00f3 de que el Mecanismo de Protecci\u00f3n para Personas Defensoras de Derechos Humanos y Periodistas no funciona, pues aunque le ofrecieron reubicaci\u00f3n en otra ciudad \u2013la cual decidi\u00f3 aceptar\u2013, de entrada s\u00f3lo le entregaron un bot\u00f3n de p\u00e1nico para solicitar apoyo en caso necesario y le informaron que habr\u00eda patrullaje de la Guardia Nacional en su domicilio.<\/p>\n\n\n\n<p>La periodista record\u00f3 que estas medidas que le ofreci\u00f3 el mecanismo las ten\u00eda el comunicador guerrerense Nelson Matus, quien fue asesinado el 15 de julio, el mismo d\u00eda del ataque contra ella.<\/p>\n\n\n\n<p>Tambi\u00e9n desconf\u00eda de Enrique Irazoque, funcionario del mecanismo que estuvo a cargo de la Comisi\u00f3n Estatal de Derechos Humanos de Nuevo Le\u00f3n \u201cen tiempos del calderonato\u201d, pues entonces fue c\u00f3mplice del grupo criminal Los Zetas y ahora, en un puesto tan sensible, puede entregar informaci\u00f3n para localizar a periodistas o defensores de los derechos humanos que conf\u00edan en dicho organismo, dependiente de la Secretar\u00eda de Gobernaci\u00f3n.<\/p>\n\n\n\n<p>(Informaci\u00f3n de \u201cLa Jornada\u201d)<\/p>\n","protected":false},"excerpt":{"rendered":"<p>Redacci\u00f3n\/Zona Roja Cdmx. Ciudad de M\u00e9xico, a 24 de julio de 2023.- La periodista jalisciense&hellip;<\/p>\n","protected":false},"author":2,"featured_media":55562,"comment_status":"closed","ping_status":"open","sticky":false,"template":"","format":"standard","meta":{"_lmt_disableupdate":"","_lmt_disable":"","_jetpack_memberships_contains_paid_content":false,"footnotes":""},"categories":[109,47],"tags":[3621,880],"class_list":["post-57913","post","type-post","status-publish","format-standard","has-post-thumbnail","hentry","category-minuto-a-minuto","category-zona-gris","tag-maria-luisa-estrada-hernandez","tag-violencia-contra-mujeres-periodistas"],"jetpack_featured_media_url":"https:\/\/zonaroja.com.mx\/wp-content\/uploads\/2023\/05\/Periodismo-en-riesgo-periodistas-asesinatos.jpg","jetpack_sharing_enabled":true,"_links":{"self":[{"href":"https:\/\/zonaroja.com.mx\/index.php?rest_route=\/wp\/v2\/posts\/57913","targetHints":{"allow":["GET"]}}],"collection":[{"href":"https:\/\/zonaroja.com.mx\/index.php?rest_route=\/wp\/v2\/posts"}],"about":[{"href":"https:\/\/zonaroja.com.mx\/index.php?rest_route=\/wp\/v2\/types\/post"}],"author":[{"embeddable":true,"href":"https:\/\/zonaroja.com.mx\/index.php?rest_route=\/wp\/v2\/users\/2"}],"replies":[{"embeddable":true,"href":"https:\/\/zonaroja.com.mx\/index.php?rest_route=%2Fwp%2Fv2%2Fcomments&post=57913"}],"version-history":[{"count":1,"href":"https:\/\/zonaroja.com.mx\/index.php?rest_route=\/wp\/v2\/posts\/57913\/revisions"}],"predecessor-version":[{"id":57914,"href":"https:\/\/zonaroja.com.mx\/index.php?rest_route=\/wp\/v2\/posts\/57913\/revisions\/57914"}],"wp:featuredmedia":[{"embeddable":true,"href":"https:\/\/zonaroja.com.mx\/index.php?rest_route=\/wp\/v2\/media\/55562"}],"wp:attachment":[{"href":"https:\/\/zonaroja.com.mx\/index.php?rest_route=%2Fwp%2Fv2%2Fmedia&parent=57913"}],"wp:term":[{"taxonomy":"category","embeddable":true,"href":"https:\/\/zonaroja.com.mx\/index.php?rest_route=%2Fwp%2Fv2%2Fcategories&post=57913"},{"taxonomy":"post_tag","embeddable":true,"href":"https:\/\/zonaroja.com.mx\/index.php?rest_route=%2Fwp%2Fv2%2Ftags&post=57913"}],"curies":[{"name":"wp","href":"https:\/\/api.w.org\/{rel}","templated":true}]}}