{"id":57915,"date":"2023-07-24T15:30:00","date_gmt":"2023-07-24T20:30:00","guid":{"rendered":"http:\/\/www.zonaroja.com.mx\/?p=57915"},"modified":"2023-07-24T08:48:19","modified_gmt":"2023-07-24T13:48:19","slug":"empalme-de-legislaturas-el-conflicto-que-viene-en-2024","status":"publish","type":"post","link":"https:\/\/zonaroja.com.mx\/?p=57915","title":{"rendered":"Empalme de legislaturas, el conflicto que viene en 2024"},"content":{"rendered":"\n<p>Redacci\u00f3n\/Zona Roja Cdmx.<\/p>\n\n\n\n<p>Ciudad de M\u00e9xico, a 24 de julio de 2023.- Falta casi un a\u00f1o para que los actuales senadores y diputados concluyan su gesti\u00f3n y quienes ganen en el 2024 formen el nuevo Congreso de la Uni\u00f3n.&nbsp;<\/p>\n\n\n\n<p>Pero, hay un conflicto en puerta, que nos podr\u00eda llevar a tener dos legislaturas, con mil diputados y 256 senadores, es decir, el doble de los que deben ser.<\/p>\n\n\n\n<p>Y es que resulta que nadie se acord\u00f3 que la Reforma Electoral realizada en 2014, estipul\u00f3 que los nuevos 500 diputados y 128 senadores entraran en funciones el primero de agosto de 2024 y no el primero de septiembre como tradicionalmente ha sido.<\/p>\n\n\n\n<p>Esto choca con el tiempo que duran los actuales legisladores.<\/p>\n\n\n\n<p>Diputados recibieron constancias de haber ganado la elecci\u00f3n en 2021, los senadores en 2018, y asumieron sus cargos.<\/p>\n\n\n\n<p>Pero esa reforma a la Constituci\u00f3n de 2014 entr\u00f3 en vigor el primero de diciembre de 2018, se establecieron cambios para el periodo presidencial y del actual Congreso.<\/p>\n\n\n\n<p>Se establece que el actual periodo presidencial inici\u00f3 el 1 de diciembre de 2018, pero concluye el 30 de septiembre de 2024, y no el 30 de noviembre.<\/p>\n\n\n\n<p>Se precisa que para 2024 el presidente ejercer\u00e1 su encargo hasta el 1 de octubre y adem\u00e1s estipula que cuando el presidente inicie su encargo en esa fecha, el Congreso de la Uni\u00f3n se reunir\u00e1 a partir del 1 de agosto, y no en septiembre.<\/p>\n\n\n\n<p>CONFLICTO LEGAL<\/p>\n\n\n\n<p>\u201cSin duda es un conflicto constitucional y debe ser resuelto con apego a la Constituci\u00f3n, con sentido com\u00fan y con generosidad, o sea lo que debe ser es que esta legislatura concluya un mes antes y nos vayamos ya\u201d, apunt\u00f3 Germ\u00e1n Mart\u00ednez, senador de Grupo Plural.<\/p>\n\n\n\n<p>Pero ni ellos se ponen de acuerdo para resolverlo.<\/p>\n\n\n\n<p>\u201cMira, yo creo que solo hay de dos sopas: una, o hay un acuerdo pol\u00edtico total, y se hacen las modificaciones legislativas que se tienen que hacer o simple y sencillamente los legisladores de este periodo tenemos que culminar con el per\u00edodo para el cual fuimos electos, no hay otra, no hay otra. Ah\u00ed est\u00e1n los derechos adquiridos\u201d, dijo el coordinador de los senadores del PRD, Miguel \u00c1ngel Mancera.<\/p>\n\n\n\n<p>Vamos a abordar una iniciativa de ley que presentar\u00e9 en los pr\u00f3ximos d\u00edas en el sentido de hacerle una reforma a la ley org\u00e1nica\u201d, asegur\u00f3 el presidente de la Junta de Coordinaci\u00f3n Pol\u00edtica del Senado, Eduardo Ram\u00edrez.<\/p>\n\n\n\n<p>\u201cMe parece que es t\u00e9cnicamente adecuado una reforma al art\u00edculo transitorio porque los transitorios son normas que le dan operatividad al cuerpo que acabas de aprobar para que se quede hasta el primero de septiembre y no como est\u00e1 en este transitorio actualmente, hasta el primero de agosto\u201d, dijo el diputado de Morena, Hamlet Garc\u00eda.<\/p>\n\n\n\n<p>\u201cHoy todav\u00eda los que vayan a llegar no les ha nacido el derecho, para en todo caso, impugnar algo al final de cuentas se tiene que hacer porque ni modo que tengamos de repente pues en vez 128 senadores, pues tengamos el doble, o los 500 diputados ahora tengamos 1000, o sea, pues eso no puede ser\u201d, dijo el coordinador de senadores del PAN, Julen Rementer\u00eda.<\/p>\n\n\n\n<p>Hoy en el Partido del Trabajo (PT), ya pusieron la Constituci\u00f3n bajo la lupa. Presentaron una iniciativa para reformar el Art\u00edculo 15 transitorio de la Constituci\u00f3n y cambiar la fecha para que los legisladores que ganen elecciones en el 2024 entren en funciones el primero de septiembre de ese a\u00f1o, y as\u00ed salvar su periodo legislativo.<\/p>\n\n\n\n<p>(Informaci\u00f3n de Fuerza Informativa Azteca)<\/p>\n","protected":false},"excerpt":{"rendered":"<p>Redacci\u00f3n\/Zona Roja Cdmx. Ciudad de M\u00e9xico, a 24 de julio de 2023.- Falta casi un&hellip;<\/p>\n","protected":false},"author":2,"featured_media":47941,"comment_status":"closed","ping_status":"open","sticky":false,"template":"","format":"standard","meta":{"_lmt_disableupdate":"","_lmt_disable":"","_jetpack_memberships_contains_paid_content":false,"footnotes":""},"categories":[109,47],"tags":[],"class_list":["post-57915","post","type-post","status-publish","format-standard","has-post-thumbnail","hentry","category-minuto-a-minuto","category-zona-gris"],"jetpack_featured_media_url":"https:\/\/zonaroja.com.mx\/wp-content\/uploads\/2022\/11\/Camara-de-Diputados-Congreso-presupuesto.webp","jetpack_sharing_enabled":true,"_links":{"self":[{"href":"https:\/\/zonaroja.com.mx\/index.php?rest_route=\/wp\/v2\/posts\/57915","targetHints":{"allow":["GET"]}}],"collection":[{"href":"https:\/\/zonaroja.com.mx\/index.php?rest_route=\/wp\/v2\/posts"}],"about":[{"href":"https:\/\/zonaroja.com.mx\/index.php?rest_route=\/wp\/v2\/types\/post"}],"author":[{"embeddable":true,"href":"https:\/\/zonaroja.com.mx\/index.php?rest_route=\/wp\/v2\/users\/2"}],"replies":[{"embeddable":true,"href":"https:\/\/zonaroja.com.mx\/index.php?rest_route=%2Fwp%2Fv2%2Fcomments&post=57915"}],"version-history":[{"count":1,"href":"https:\/\/zonaroja.com.mx\/index.php?rest_route=\/wp\/v2\/posts\/57915\/revisions"}],"predecessor-version":[{"id":57916,"href":"https:\/\/zonaroja.com.mx\/index.php?rest_route=\/wp\/v2\/posts\/57915\/revisions\/57916"}],"wp:featuredmedia":[{"embeddable":true,"href":"https:\/\/zonaroja.com.mx\/index.php?rest_route=\/wp\/v2\/media\/47941"}],"wp:attachment":[{"href":"https:\/\/zonaroja.com.mx\/index.php?rest_route=%2Fwp%2Fv2%2Fmedia&parent=57915"}],"wp:term":[{"taxonomy":"category","embeddable":true,"href":"https:\/\/zonaroja.com.mx\/index.php?rest_route=%2Fwp%2Fv2%2Fcategories&post=57915"},{"taxonomy":"post_tag","embeddable":true,"href":"https:\/\/zonaroja.com.mx\/index.php?rest_route=%2Fwp%2Fv2%2Ftags&post=57915"}],"curies":[{"name":"wp","href":"https:\/\/api.w.org\/{rel}","templated":true}]}}