{"id":57923,"date":"2023-07-24T09:22:39","date_gmt":"2023-07-24T14:22:39","guid":{"rendered":"http:\/\/www.zonaroja.com.mx\/?p=57923"},"modified":"2023-07-24T09:22:42","modified_gmt":"2023-07-24T14:22:42","slug":"en-veracruz-ejecutan-a-las-personas-hasta-en-campos-de-futbol","status":"publish","type":"post","link":"https:\/\/zonaroja.com.mx\/?p=57923","title":{"rendered":"En Veracruz, ejecutan a las personas hasta en campos de futbol"},"content":{"rendered":"\n<p>Redacci\u00f3n\/Zona Roja Cdmx.<\/p>\n\n\n\n<p>Ciudad de M\u00e9xico, a 24 de julio de 2023.- Dos hombres fueron asesinados mientras se disputaba un partido de futbol llanero, en Veracruz.<\/p>\n\n\n\n<p>Los hechos se registraron en la comunidad Pueblo de las Flores del municipio de Fort\u00edn.<\/p>\n\n\n\n<p>Las v\u00edctimas presenciaban el juego cuando un sujeto armado se les acerc\u00f3 y dispar\u00f3 en repetidas ocasiones.<\/p>\n\n\n\n<p>Param\u00e9dicos acudieron para brindar los primeros auxilios a los hombres, pero ninguno de ellos contaba ya con signos vitales.<\/p>\n\n\n\n<p>Autoridades desplegaron un operativo para ubicar al responsable, pero no fue localizado.<\/p>\n\n\n\n<p>Los cuerpos fueron trasladados al Servicio M\u00e9dico Forense del ejido San Miguelito de C\u00f3rdoba, siendo identificadas las v\u00edctimas como Gerardo T. y \u2018el Ser\u00e1fico\u2019.<\/p>\n\n\n\n<p>Hasta el momento se desconoce el motivo de su asesinato.<\/p>\n\n\n\n<p>(En L\u00f3pez-D\u00f3riga Digital, con informaci\u00f3n de \u201cMilenio\u201d)<\/p>\n","protected":false},"excerpt":{"rendered":"<p>Redacci\u00f3n\/Zona Roja Cdmx. Ciudad de M\u00e9xico, a 24 de julio de 2023.- Dos hombres fueron&hellip;<\/p>\n","protected":false},"author":2,"featured_media":57924,"comment_status":"closed","ping_status":"open","sticky":false,"template":"","format":"standard","meta":{"_lmt_disableupdate":"","_lmt_disable":"","_jetpack_memberships_contains_paid_content":false,"footnotes":""},"categories":[109,47],"tags":[],"class_list":["post-57923","post","type-post","status-publish","format-standard","has-post-thumbnail","hentry","category-minuto-a-minuto","category-zona-gris"],"jetpack_featured_media_url":"https:\/\/zonaroja.com.mx\/wp-content\/uploads\/2023\/07\/Ejecutados-campo-de-futbol-Veracruz.webp","jetpack_sharing_enabled":true,"_links":{"self":[{"href":"https:\/\/zonaroja.com.mx\/index.php?rest_route=\/wp\/v2\/posts\/57923","targetHints":{"allow":["GET"]}}],"collection":[{"href":"https:\/\/zonaroja.com.mx\/index.php?rest_route=\/wp\/v2\/posts"}],"about":[{"href":"https:\/\/zonaroja.com.mx\/index.php?rest_route=\/wp\/v2\/types\/post"}],"author":[{"embeddable":true,"href":"https:\/\/zonaroja.com.mx\/index.php?rest_route=\/wp\/v2\/users\/2"}],"replies":[{"embeddable":true,"href":"https:\/\/zonaroja.com.mx\/index.php?rest_route=%2Fwp%2Fv2%2Fcomments&post=57923"}],"version-history":[{"count":1,"href":"https:\/\/zonaroja.com.mx\/index.php?rest_route=\/wp\/v2\/posts\/57923\/revisions"}],"predecessor-version":[{"id":57925,"href":"https:\/\/zonaroja.com.mx\/index.php?rest_route=\/wp\/v2\/posts\/57923\/revisions\/57925"}],"wp:featuredmedia":[{"embeddable":true,"href":"https:\/\/zonaroja.com.mx\/index.php?rest_route=\/wp\/v2\/media\/57924"}],"wp:attachment":[{"href":"https:\/\/zonaroja.com.mx\/index.php?rest_route=%2Fwp%2Fv2%2Fmedia&parent=57923"}],"wp:term":[{"taxonomy":"category","embeddable":true,"href":"https:\/\/zonaroja.com.mx\/index.php?rest_route=%2Fwp%2Fv2%2Fcategories&post=57923"},{"taxonomy":"post_tag","embeddable":true,"href":"https:\/\/zonaroja.com.mx\/index.php?rest_route=%2Fwp%2Fv2%2Ftags&post=57923"}],"curies":[{"name":"wp","href":"https:\/\/api.w.org\/{rel}","templated":true}]}}