{"id":57927,"date":"2023-07-24T16:13:33","date_gmt":"2023-07-24T21:13:33","guid":{"rendered":"http:\/\/www.zonaroja.com.mx\/?p=57927"},"modified":"2023-07-24T22:48:10","modified_gmt":"2023-07-25T03:48:10","slug":"ahora-si-lleno-total-en-octava-de-la-guelaguetza-pero-no-faltaron-detalles-menores","status":"publish","type":"post","link":"https:\/\/zonaroja.com.mx\/?p=57927","title":{"rendered":"Ahora s\u00ed, lleno total en octava de la Guelaguetza; pero no faltaron detalles menores"},"content":{"rendered":"\n<p>Yuridiana Sosa\/Zona Roja. <\/p>\n\n\n\n<p>Oaxaca de Ju\u00e1rez, Oax., a 24 de julio de 2023.- La fiesta de la Guelaguetza en Oaxaca continu\u00f3 con intensidad en el segundo Lunes del Cerro. <\/p>\n\n\n\n<p>La alegr\u00eda y algarab\u00eda se desbord\u00f3 en el auditorio que, previo al inicio de la funci\u00f3n matutina, ya contaba con lleno total, aunque con acarreos previos.<\/p>\n\n\n\n<p>A la octava del Lunes de Cerro el p\u00fablico no fall\u00f3; visitantes locales, nacionales y extranjeros no faltaron a la cita, as\u00ed como tampoco los tropiezos por parte de la Secretar\u00eda de Turismo y de la Secretar\u00eda Ejecutiva del Sistema Estatal de Seguridad P\u00fablica.<\/p>\n\n\n\n<p>Tal fue la obligada y anticipada asistencia de decenas de personas que incluso dejaron sin espacio a los aut\u00e9nticos asistentes que hicieron largas filas y no alcanzaron un lugar para la primera funci\u00f3n, lo que oblig\u00f3 a los interesados en permanecer formados para ingresar a la segunda y \u00faltima presentaci\u00f3n de la Guelaguetza 2023.<\/p>\n\n\n\n<p>Para evitar los espacios vac\u00edos de las secciones C y D, como ocurri\u00f3 el primer Lunes del Cerro, y evidenciar el acarreo de personas una vez comenzada la fiesta, ahora la log\u00edstica para llenar el auditorio \u201cGuelaguetza\u201d fue acarrear p\u00fablico desde las 06:00 horas, a bordo de al menos ocho camiones.<\/p>\n\n\n\n<p>Ante el hecho, y una vez cumplido el primer objetivo, cerca&nbsp;de las 12:00&nbsp;horas comenzaron a retirarse grupos de \u201cacarreados\u201d por parte de la Secretar\u00eda de Turismo que dirige Saymi Pineda.&nbsp;<\/p>\n\n\n\n<p>Pero mientras dentro todo era alegr\u00eda, afuera, sin ninguna autoridad que lo evitara, grupos de revendedores, sin recato hac\u00edan su \u201cagosto\u201d con la venta de boletos de hasta dos mil 500 para la secci\u00f3n \u201cB\u201d, cuando su venta oscil\u00f3 en mil 31.17 pesos en preventa y en mil 168 en periodo ordinario de venta.<\/p>\n\n\n\n<p>Ello pese a que la Sectur presumi\u00f3 de operativos para evitar ese tipo de actividades desde que se anunci\u00f3 la preventa de boletos.&nbsp;<\/p>\n\n\n\n<p>\u00bfY LOS TOPILES?<\/p>\n\n\n\n<p>Ya sin amenazas de boicot a la Guelaguetza por parte de la Secci\u00f3n 22 del SNTE, la Secretar\u00eda Ejecutiva del Sistema Estatal de Seguridad P\u00fablica a cargo de Karina Bar\u00f3n, desisti\u00f3 del operativo de seguridad a cargo de los \u201cTopiles por la paz\u201d.<\/p>\n\n\n\n<p>El grupo de seguridad, integrado por los propios ciudadanos para el resguardo del auditorio \u201cGuelaguetza\u201d y mantener el orden, no estuvo presente en la primera funci\u00f3n de este lunes, as\u00ed como tambi\u00e9n su presencia el s\u00e1bado pasado en el desfile de delegaciones fue m\u00ednima.<\/p>\n\n\n\n<p>Por el contrario, elementos de la Polic\u00eda Estatal de la Secretar\u00eda de Seguridad, as\u00ed como municipales y de la PABIC, continuaron con sus acciones habituales para mantener el orden al exterior del inmueble sede de la   m\u00e1xima fiesta de los oaxaque\u00f1os.<\/p>\n\n\n\n<p>Tal fue el ambiente de calma que se vivi\u00f3, que tampoco se registraron incidentes en las escalinatas al Cerro del Fort\u00edn por parte de los vecinos de las colonias de la zona que el lunes pasado se disputaron espacios para la venta de productos y controlar el paso.<\/p>\n","protected":false},"excerpt":{"rendered":"<p>Yuridiana Sosa\/Zona Roja. Oaxaca de Ju\u00e1rez, Oax., a 24 de julio de 2023.- La fiesta&hellip;<\/p>\n","protected":false},"author":2,"featured_media":57926,"comment_status":"closed","ping_status":"open","sticky":false,"template":"","format":"standard","meta":{"_lmt_disableupdate":"","_lmt_disable":"","_jetpack_memberships_contains_paid_content":false,"footnotes":""},"categories":[109,46],"tags":[3517],"class_list":["post-57927","post","type-post","status-publish","format-standard","has-post-thumbnail","hentry","category-minuto-a-minuto","category-zona-blanca","tag-guelaguetza-2023-oaxaca"],"jetpack_featured_media_url":"https:\/\/zonaroja.com.mx\/wp-content\/uploads\/2023\/07\/img_2714.jpg","jetpack_sharing_enabled":true,"_links":{"self":[{"href":"https:\/\/zonaroja.com.mx\/index.php?rest_route=\/wp\/v2\/posts\/57927","targetHints":{"allow":["GET"]}}],"collection":[{"href":"https:\/\/zonaroja.com.mx\/index.php?rest_route=\/wp\/v2\/posts"}],"about":[{"href":"https:\/\/zonaroja.com.mx\/index.php?rest_route=\/wp\/v2\/types\/post"}],"author":[{"embeddable":true,"href":"https:\/\/zonaroja.com.mx\/index.php?rest_route=\/wp\/v2\/users\/2"}],"replies":[{"embeddable":true,"href":"https:\/\/zonaroja.com.mx\/index.php?rest_route=%2Fwp%2Fv2%2Fcomments&post=57927"}],"version-history":[{"count":1,"href":"https:\/\/zonaroja.com.mx\/index.php?rest_route=\/wp\/v2\/posts\/57927\/revisions"}],"predecessor-version":[{"id":57928,"href":"https:\/\/zonaroja.com.mx\/index.php?rest_route=\/wp\/v2\/posts\/57927\/revisions\/57928"}],"wp:featuredmedia":[{"embeddable":true,"href":"https:\/\/zonaroja.com.mx\/index.php?rest_route=\/wp\/v2\/media\/57926"}],"wp:attachment":[{"href":"https:\/\/zonaroja.com.mx\/index.php?rest_route=%2Fwp%2Fv2%2Fmedia&parent=57927"}],"wp:term":[{"taxonomy":"category","embeddable":true,"href":"https:\/\/zonaroja.com.mx\/index.php?rest_route=%2Fwp%2Fv2%2Fcategories&post=57927"},{"taxonomy":"post_tag","embeddable":true,"href":"https:\/\/zonaroja.com.mx\/index.php?rest_route=%2Fwp%2Fv2%2Ftags&post=57927"}],"curies":[{"name":"wp","href":"https:\/\/api.w.org\/{rel}","templated":true}]}}