{"id":57930,"date":"2023-07-24T20:01:47","date_gmt":"2023-07-25T01:01:47","guid":{"rendered":"http:\/\/www.zonaroja.com.mx\/?p=57930"},"modified":"2023-07-24T20:01:49","modified_gmt":"2023-07-25T01:01:49","slug":"culmina-con-exito-la-fiesta-de-guelaguetza-en-xoxocotlan","status":"publish","type":"post","link":"https:\/\/zonaroja.com.mx\/?p=57930","title":{"rendered":"Culmina con \u00e9xito la fiesta de Guelaguetza en Xoxocotl\u00e1n"},"content":{"rendered":"\n<p>Redacci\u00f3n\/Zona Roja.<\/p>\n\n\n\n<p>Oaxaca de Ju\u00e1rez, Oax., 24 de julio de 2023.- Con amplio reconocimiento de turistas y propios al esfuerzo que realiza el gobierno municipal de Santa Cruz Xoxocotl\u00e1n, que encabeza Inocente Castellanos Alejos, para impulsar a este municipio, este fin de semana culminaron con \u00e9xito las festividades de Guelaguetza del Pueblo 2023, con las que se logr\u00f3 incentivar la econom\u00eda local.<\/p>\n\n\n\n<p>Enmarcado en luces multicolores del castillo que cerr\u00f3 la noche, el parque central de Xoxocotl\u00e1n se llen\u00f3 de m\u00fasica, baile y fiesta al celebrarse la segunda edici\u00f3n de la Guelaguetza, en la que se escenificaron a trav\u00e9s de danzas y sones, 13 representaciones de las ocho regiones del estado.<\/p>\n\n\n\n<p>En la presentaci\u00f3n presidida por \u201cChente\u201d Castellanos; la Diosa Cent\u00e9otl, Rosario Pamela Celis Guzm\u00e1n e invitados especiales, los asistentes disfrutaron por m\u00e1s de cuatro horas del espect\u00e1culo en el que se evocaron las costumbres y tradiciones oaxaque\u00f1as.<\/p>\n\n\n\n<p>FERIA GASTRON\u00d3MICA<\/p>\n\n\n\n<p>Durante dos fines de semana, 13 cocineras tradicionales de esta localidad dieron muestra de sus artes culinarias en la Feria Gastron\u00f3mica 2023, donde deleitaron con su saz\u00f3n a los paladares del turismo local, nacional e internacional.<\/p>\n\n\n\n<p>Las participantes agradecieron a la autoridad la realizaci\u00f3n de esta actividad, en la que adem\u00e1s lograron ventas que contribuyen a su econom\u00eda familiar.<\/p>\n\n\n\n<figure class=\"wp-block-embed is-type-rich is-provider-twitter wp-block-embed-twitter\"><div class=\"wp-block-embed__wrapper\">\n<div class=\"twitter-tweet\"><blockquote class=\"twitter-tweet\" data-lang=\"es\"><p lang=\"es\" dir=\"ltr\">Cinco horas de espect\u00e1culo nos ofrecieron las delegaciones participantes en la Octava de la Guelaguetza 2023, extraordinaria tarde la que se vivi\u00f3  este domingo en Xoxocotl\u00e1n.<br><br>Xoxo Tierra de Tradiciones \ud83c\udf8a <a href=\"https:\/\/t.co\/iSTUet7WkU\">pic.twitter.com\/iSTUet7WkU<\/a><\/p>&mdash; H. Ayuntamiento de Santa Cruz Xoxocotl\u00e1n (@GobXoxocotlan) <a href=\"https:\/\/twitter.com\/GobXoxocotlan\/status\/1683513222920372224?ref_src=twsrc%5Etfw\">24 de julio de 2023<\/a><\/blockquote><\/div>\n<\/div><\/figure>\n\n\n\n<p>En medio de un ambiente lleno de entusiasmo, bandas filarm\u00f3nicas y diferentes delegaciones representativas de las regiones de Oaxaca, recorrieron las calles principales de esta demarcaci\u00f3n en compa\u00f1\u00eda del edil \u201cChente\u201d Castellanos y el presidente del DIF Municipal, Erick Enmanuel Ortiz Hern\u00e1ndez, lo que motiv\u00f3 a pobladores para saliera a las calles a disfrutar la fiesta.<\/p>\n\n\n\n<p>Por la noche del s\u00e1bado, se llev\u00f3 a cabo el encuentro musical, donde participaron la Banda Filarm\u00f3nica Infantil y Juvenil de Santa Cruz Xoxocotl\u00e1n y se sumaron, las de Ocotl\u00e1n de Morelos y de Santo Tomas Jalietza, quienes dieron un concierto que emocion\u00f3 a quienes lo presenciaron.<\/p>\n\n\n\n<p>Durante el concierto las tres bandas participantes, bajo la batuta del Maestro Camerino L\u00f3pez Manzano, interpretaron juntas el Jarabe Del Valle, sones de Betaza y el himno de Oaxaca: El Dios nunca muere, lo que cautiv\u00f3 a propios y visitantes quienes ovacionaron el espect\u00e1culo musical.<\/p>\n\n\n\n<p>Bajo el compromiso de que su gobierno seguir\u00e1 con el impulso a las &nbsp;actividades tur\u00edsticas y culturales, el edil, Inocente Castellanos, agradeci\u00f3 a quienes a las y los visitantes y les invit\u00f3 a reunirse de nueva cuenta el pr\u00f3ximo a\u00f1o.<\/p>\n\n\n\n<p>\u201cXoxo estar\u00e1 ante los ojos del mundo como una comunidad llena de tradici\u00f3n, cultura, alegr\u00eda y en pleno desarrollo, as\u00ed ser\u00e1 mientras yo sea presidente. Aqu\u00ed los esperamos en la Guelaguetza 2024\u201d, puntualiz\u00f3.<\/p>\n","protected":false},"excerpt":{"rendered":"<p>Redacci\u00f3n\/Zona Roja. Oaxaca de Ju\u00e1rez, Oax., 24 de julio de 2023.- Con amplio reconocimiento de&hellip;<\/p>\n","protected":false},"author":2,"featured_media":57931,"comment_status":"closed","ping_status":"open","sticky":false,"template":"","format":"standard","meta":{"_lmt_disableupdate":"","_lmt_disable":"","_jetpack_memberships_contains_paid_content":false,"footnotes":""},"categories":[109,46],"tags":[133],"class_list":["post-57930","post","type-post","status-publish","format-standard","has-post-thumbnail","hentry","category-minuto-a-minuto","category-zona-blanca","tag-santa-cruz-xoxocotlan"],"jetpack_featured_media_url":"https:\/\/zonaroja.com.mx\/wp-content\/uploads\/2023\/07\/Guelaguetza-Santa-Cruz-Xoxocotlan.jpg","jetpack_sharing_enabled":true,"_links":{"self":[{"href":"https:\/\/zonaroja.com.mx\/index.php?rest_route=\/wp\/v2\/posts\/57930","targetHints":{"allow":["GET"]}}],"collection":[{"href":"https:\/\/zonaroja.com.mx\/index.php?rest_route=\/wp\/v2\/posts"}],"about":[{"href":"https:\/\/zonaroja.com.mx\/index.php?rest_route=\/wp\/v2\/types\/post"}],"author":[{"embeddable":true,"href":"https:\/\/zonaroja.com.mx\/index.php?rest_route=\/wp\/v2\/users\/2"}],"replies":[{"embeddable":true,"href":"https:\/\/zonaroja.com.mx\/index.php?rest_route=%2Fwp%2Fv2%2Fcomments&post=57930"}],"version-history":[{"count":1,"href":"https:\/\/zonaroja.com.mx\/index.php?rest_route=\/wp\/v2\/posts\/57930\/revisions"}],"predecessor-version":[{"id":57932,"href":"https:\/\/zonaroja.com.mx\/index.php?rest_route=\/wp\/v2\/posts\/57930\/revisions\/57932"}],"wp:featuredmedia":[{"embeddable":true,"href":"https:\/\/zonaroja.com.mx\/index.php?rest_route=\/wp\/v2\/media\/57931"}],"wp:attachment":[{"href":"https:\/\/zonaroja.com.mx\/index.php?rest_route=%2Fwp%2Fv2%2Fmedia&parent=57930"}],"wp:term":[{"taxonomy":"category","embeddable":true,"href":"https:\/\/zonaroja.com.mx\/index.php?rest_route=%2Fwp%2Fv2%2Fcategories&post=57930"},{"taxonomy":"post_tag","embeddable":true,"href":"https:\/\/zonaroja.com.mx\/index.php?rest_route=%2Fwp%2Fv2%2Ftags&post=57930"}],"curies":[{"name":"wp","href":"https:\/\/api.w.org\/{rel}","templated":true}]}}