{"id":57933,"date":"2023-07-24T22:46:47","date_gmt":"2023-07-25T03:46:47","guid":{"rendered":"http:\/\/www.zonaroja.com.mx\/?p=57933"},"modified":"2023-07-24T22:46:49","modified_gmt":"2023-07-25T03:46:49","slug":"reforma-que-desaparece-el-tjao-viola-derechos-de-los-pueblos-indigenas-rai","status":"publish","type":"post","link":"https:\/\/zonaroja.com.mx\/?p=57933","title":{"rendered":"Reforma que desaparece el TJAO viola derechos de los pueblos ind\u00edgenas: RAI"},"content":{"rendered":"\n<p>Redacci\u00f3n\/Estado 20.<\/p>\n\n\n\n<p>Oaxaca de Ju\u00e1rez, Oax., a 24 de julio de 2023.- La Red de Abogadas Ind\u00edgenas (RAI) asegur\u00f3 que la reforma constitucional aprobada en el Congreso del Estado por la mayor\u00eda del partido Morena, con la que se desaparece el Tribunal de Justicia Administrativa de Oaxaca (TJAO) para crear un nuevo organismo, es inconstitucional y viola los derechos de los pueblos ind\u00edgenas de la entidad.<\/p>\n\n\n\n<p>A trav\u00e9s de un comunicado, explic\u00f3 que pese a que la iniciativa de reforma realizada a la Constituci\u00f3n cita como fundamentos la normativa internacional y nacional sobre los derechos de los pueblos ind\u00edgenas y afromexicanos, no se consult\u00f3 a los pueblos ind\u00edgenas y eso afecta gravemente el derecho colectivo que tienen los pueblos al desarrollo y a la justicia.<\/p>\n\n\n\n<p>\u201cPues con esta reforma claramente se hacen nugatorio los derechos de las comunidades y agencias al acceso a la administraci\u00f3n directa de sus recursos, derechos que s\u00ed ven\u00edan ejerciendo en la Sala Ind\u00edgena del Tribunal Superior de Justicia del Estado\u201d.<\/p>\n\n\n\n<p>La Red de Abogadas Ind\u00edgenas tambi\u00e9n reclam\u00f3 que en la reforma ni siquiera se nombra a una persona ind\u00edgena o afromexicana en sus nuevas magistraturas, en un estado donde el 60 por ciento de la poblaci\u00f3n se autoadscribe como ind\u00edgena, y donde se supone se van a ventilar asuntos de naturaleza ind\u00edgena.<\/p>\n\n\n\n<p>\u201cSe vulnera el derecho colectivo de los pueblos ind\u00edgenas a contar con personas ind\u00edgenas en las instituciones del estado\u201d.<\/p>\n\n\n\n<p>Con la reforma constitucional aprobada por la mayor\u00eda de Morena y sus aliados en el Congreso de Oaxaca, se estableci\u00f3 que el ahora Tribunal de Justicia Administrativa y Combate a la Corrupci\u00f3n del Estado, se encargar\u00e1 de resolver los asuntos relacionados con el reclamo de las agencias al ayuntamiento o cabecera municipal la entrega de recursos p\u00fablicos. Estos casos, hasta ahora, eran resueltos en la Sala Ind\u00edgena del Tribunal Superior de Justicia (TSJEO).<\/p>\n\n\n\n<p>La Red tambi\u00e9n critic\u00f3 la forma en que se realiz\u00f3 y aprob\u00f3 esta reforma, y como, casi de manera inmediata se nombr\u00f3 a nuevos magistrados.<\/p>\n\n\n\n<p>\u201cEl d\u00eda 22 de julio, como un rel\u00e1mpago, las diputadas y diputados de Oaxaca, contrario a la Constituci\u00f3n y a la legalidad, desaparecieron el TJAO, y crearon uno nuevo removiendo a todos los magistrados y nombraron nuevos a modo\u201d, se\u00f1alaron.<\/p>\n","protected":false},"excerpt":{"rendered":"<p>Redacci\u00f3n\/Estado 20. Oaxaca de Ju\u00e1rez, Oax., a 24 de julio de 2023.- La Red de&hellip;<\/p>\n","protected":false},"author":2,"featured_media":57934,"comment_status":"closed","ping_status":"open","sticky":false,"template":"","format":"standard","meta":{"_lmt_disableupdate":"","_lmt_disable":"","_jetpack_memberships_contains_paid_content":false,"footnotes":""},"categories":[109,47],"tags":[3623],"class_list":["post-57933","post","type-post","status-publish","format-standard","has-post-thumbnail","hentry","category-minuto-a-minuto","category-zona-gris","tag-red-de-abogadas-indigenas-oaaxaca"],"jetpack_featured_media_url":"https:\/\/zonaroja.com.mx\/wp-content\/uploads\/2023\/07\/Red-de-Abogados-Indigenas-Oaxaca-Tribunal.png","jetpack_sharing_enabled":true,"_links":{"self":[{"href":"https:\/\/zonaroja.com.mx\/index.php?rest_route=\/wp\/v2\/posts\/57933","targetHints":{"allow":["GET"]}}],"collection":[{"href":"https:\/\/zonaroja.com.mx\/index.php?rest_route=\/wp\/v2\/posts"}],"about":[{"href":"https:\/\/zonaroja.com.mx\/index.php?rest_route=\/wp\/v2\/types\/post"}],"author":[{"embeddable":true,"href":"https:\/\/zonaroja.com.mx\/index.php?rest_route=\/wp\/v2\/users\/2"}],"replies":[{"embeddable":true,"href":"https:\/\/zonaroja.com.mx\/index.php?rest_route=%2Fwp%2Fv2%2Fcomments&post=57933"}],"version-history":[{"count":1,"href":"https:\/\/zonaroja.com.mx\/index.php?rest_route=\/wp\/v2\/posts\/57933\/revisions"}],"predecessor-version":[{"id":57935,"href":"https:\/\/zonaroja.com.mx\/index.php?rest_route=\/wp\/v2\/posts\/57933\/revisions\/57935"}],"wp:featuredmedia":[{"embeddable":true,"href":"https:\/\/zonaroja.com.mx\/index.php?rest_route=\/wp\/v2\/media\/57934"}],"wp:attachment":[{"href":"https:\/\/zonaroja.com.mx\/index.php?rest_route=%2Fwp%2Fv2%2Fmedia&parent=57933"}],"wp:term":[{"taxonomy":"category","embeddable":true,"href":"https:\/\/zonaroja.com.mx\/index.php?rest_route=%2Fwp%2Fv2%2Fcategories&post=57933"},{"taxonomy":"post_tag","embeddable":true,"href":"https:\/\/zonaroja.com.mx\/index.php?rest_route=%2Fwp%2Fv2%2Ftags&post=57933"}],"curies":[{"name":"wp","href":"https:\/\/api.w.org\/{rel}","templated":true}]}}