{"id":57939,"date":"2023-07-25T08:05:14","date_gmt":"2023-07-25T13:05:14","guid":{"rendered":"http:\/\/www.zonaroja.com.mx\/?p=57939"},"modified":"2023-07-25T08:05:18","modified_gmt":"2023-07-25T13:05:18","slug":"edil-de-salina-cruz-desaloja-con-policias-a-ambulantes-agreden-a-reportera","status":"publish","type":"post","link":"https:\/\/zonaroja.com.mx\/?p=57939","title":{"rendered":"Edil de Salina Cruz desaloja con polic\u00edas a ambulantes; agreden a reportera"},"content":{"rendered":"\n<p>Redacci\u00f3n\/Zona Roja.<\/p>\n\n\n\n<p>Oaxaca de Ju\u00e1rez, Oax., a 25 de julio de 2023.- El presidente municipal de Salina Cruz, Daniel M\u00e9ndez Sosa, desaloj\u00f3 con la fuerza p\u00fablica a ocupantes de un puesto de ambulante ubicado en la v\u00eda p\u00fablica.<\/p>\n\n\n\n<p>Adem\u00e1s, en la acci\u00f3n, en que resultaron lesionados dos uniformados, un sujeto a\u00fan no identificada agredi\u00f3 a una reportera identificada como Linda Carrizosa, del portal informativo \u201c24 Noticias\u201d.<\/p>\n\n\n\n<p>Fue la tarde de ayer en que el edil surgido del Partido Morena orden\u00f3 el retiro policiaco de una caseta met\u00e1lica en la calle Guaymas, en el centro de dicha ciudad y puerto.<\/p>\n\n\n\n<p>Ello origin\u00f3 el conflicto entre comerciantes y polic\u00edas, con saldo de dos elementos lesionados, uno de ellos con una herida en la cabeza, y varios inconformes con heridas de distintos tipos.<\/p>\n\n\n\n<p>En el zafarrancho, un individuo agredi\u00f3 a la comunicadora y le arrebat\u00f3 su tel\u00e9fono celular y la golpe\u00f3 tras tirarla al piso, luego de lo cual huy\u00f3, pese a la decena de polic\u00edas que hab\u00eda en la zona.<\/p>\n\n\n\n<p>Tras ello, una persona del sexo masculino que inici\u00f3 la agresi\u00f3n fue detenida y trasladada a los separos, en tanto que hasta esta ma\u00f1ana a\u00fan no ha sido detenido el agresor de la reportera, pese a que, seg\u00fan la autoridad municipal, est\u00e1 identificado plenamente.<\/p>\n","protected":false},"excerpt":{"rendered":"<p>Redacci\u00f3n\/Zona Roja. Oaxaca de Ju\u00e1rez, Oax., a 25 de julio de 2023.- El presidente municipal&hellip;<\/p>\n","protected":false},"author":2,"featured_media":57940,"comment_status":"closed","ping_status":"open","sticky":false,"template":"","format":"standard","meta":{"_lmt_disableupdate":"","_lmt_disable":"","_jetpack_memberships_contains_paid_content":false,"footnotes":""},"categories":[109,47],"tags":[168],"class_list":["post-57939","post","type-post","status-publish","format-standard","has-post-thumbnail","hentry","category-minuto-a-minuto","category-zona-gris","tag-salina-cruz"],"jetpack_featured_media_url":"https:\/\/zonaroja.com.mx\/wp-content\/uploads\/2023\/07\/Conflicto-ambulantes-Salina-Cruz.jpg","jetpack_sharing_enabled":true,"_links":{"self":[{"href":"https:\/\/zonaroja.com.mx\/index.php?rest_route=\/wp\/v2\/posts\/57939","targetHints":{"allow":["GET"]}}],"collection":[{"href":"https:\/\/zonaroja.com.mx\/index.php?rest_route=\/wp\/v2\/posts"}],"about":[{"href":"https:\/\/zonaroja.com.mx\/index.php?rest_route=\/wp\/v2\/types\/post"}],"author":[{"embeddable":true,"href":"https:\/\/zonaroja.com.mx\/index.php?rest_route=\/wp\/v2\/users\/2"}],"replies":[{"embeddable":true,"href":"https:\/\/zonaroja.com.mx\/index.php?rest_route=%2Fwp%2Fv2%2Fcomments&post=57939"}],"version-history":[{"count":1,"href":"https:\/\/zonaroja.com.mx\/index.php?rest_route=\/wp\/v2\/posts\/57939\/revisions"}],"predecessor-version":[{"id":57941,"href":"https:\/\/zonaroja.com.mx\/index.php?rest_route=\/wp\/v2\/posts\/57939\/revisions\/57941"}],"wp:featuredmedia":[{"embeddable":true,"href":"https:\/\/zonaroja.com.mx\/index.php?rest_route=\/wp\/v2\/media\/57940"}],"wp:attachment":[{"href":"https:\/\/zonaroja.com.mx\/index.php?rest_route=%2Fwp%2Fv2%2Fmedia&parent=57939"}],"wp:term":[{"taxonomy":"category","embeddable":true,"href":"https:\/\/zonaroja.com.mx\/index.php?rest_route=%2Fwp%2Fv2%2Fcategories&post=57939"},{"taxonomy":"post_tag","embeddable":true,"href":"https:\/\/zonaroja.com.mx\/index.php?rest_route=%2Fwp%2Fv2%2Ftags&post=57939"}],"curies":[{"name":"wp","href":"https:\/\/api.w.org\/{rel}","templated":true}]}}