{"id":5794,"date":"2019-11-16T14:12:07","date_gmt":"2019-11-16T20:12:07","guid":{"rendered":"http:\/\/www.zonaroja.com.mx\/?p=5794"},"modified":"2019-11-16T14:12:10","modified_gmt":"2019-11-16T20:12:10","slug":"inicia-temporada-de-volcadura-de-traileres-cae-uno-con-ataudes","status":"publish","type":"post","link":"https:\/\/zonaroja.com.mx\/?p=5794","title":{"rendered":"Inicia temporada de volcadura de tr\u00e1ileres; cae uno con ata\u00fades"},"content":{"rendered":"\n<p>Redacci\u00f3n\/Zona Roja.<\/p>\n\n\n\n<p>Oaxaca de Ju\u00e1rez, Oax., 16 de noviembre\nde 2019.- Un tr\u00e1iler cargado con ata\u00fades es la primera volcadura de la\ntemporada de vientos de \u201cNorte\u201d, que impacta en la regi\u00f3n del Istmo de\nTehuantepec.<\/p>\n\n\n\n<p>La Coordinaci\u00f3n Estatal de Protecci\u00f3n\nCivil de Oaxaca (CEPCO) inform\u00f3 que el percance ocurri\u00f3 la tarde de este\nviernes en el kil\u00f3metro 12 de la carretera Panamericana 190, en el tramo La\nVentosa-Tapanatepec.<\/p>\n\n\n\n<p>Se trata de un veh\u00edculo automotor con\nplacas SV-9166-A que transportaba ata\u00fades con destino a Chiapas, que volc\u00f3 por\nlos fuertes vientos.<\/p>\n\n\n\n<p>Por este hecho \u00fanicamente se\npresentaron da\u00f1os materiales, detall\u00f3 a trav\u00e9s de un comunicado. <\/p>\n\n\n\n<p>Por la fuerza de los vientos, se ha\nrestringido el paso a veh\u00edculos automotores con cajas vac\u00edas que rebasen el\nvolumen del peso, dijo, y pidi\u00f3 a la poblaci\u00f3n atender las recomendaciones de\nlas autoridades que de manera coordinada trabajan en la prevenci\u00f3n de\naccidentes en la zona.<\/p>\n","protected":false},"excerpt":{"rendered":"<p>Redacci\u00f3n\/Zona Roja. Oaxaca de Ju\u00e1rez, Oax., 16 de noviembre de 2019.- Un tr\u00e1iler cargado con&hellip;<\/p>\n","protected":false},"author":2,"featured_media":5795,"comment_status":"closed","ping_status":"open","sticky":false,"template":"","format":"standard","meta":{"_lmt_disableupdate":"","_lmt_disable":"","_jetpack_memberships_contains_paid_content":false,"footnotes":""},"categories":[109,47],"tags":[212],"class_list":["post-5794","post","type-post","status-publish","format-standard","has-post-thumbnail","hentry","category-minuto-a-minuto","category-zona-gris","tag-coordinacion-estatal-de-proteccion-civil"],"jetpack_featured_media_url":"https:\/\/zonaroja.com.mx\/wp-content\/uploads\/2019\/11\/VOLCADURA-EVENTO-NORTE-2.jpg","jetpack_sharing_enabled":true,"_links":{"self":[{"href":"https:\/\/zonaroja.com.mx\/index.php?rest_route=\/wp\/v2\/posts\/5794","targetHints":{"allow":["GET"]}}],"collection":[{"href":"https:\/\/zonaroja.com.mx\/index.php?rest_route=\/wp\/v2\/posts"}],"about":[{"href":"https:\/\/zonaroja.com.mx\/index.php?rest_route=\/wp\/v2\/types\/post"}],"author":[{"embeddable":true,"href":"https:\/\/zonaroja.com.mx\/index.php?rest_route=\/wp\/v2\/users\/2"}],"replies":[{"embeddable":true,"href":"https:\/\/zonaroja.com.mx\/index.php?rest_route=%2Fwp%2Fv2%2Fcomments&post=5794"}],"version-history":[{"count":1,"href":"https:\/\/zonaroja.com.mx\/index.php?rest_route=\/wp\/v2\/posts\/5794\/revisions"}],"predecessor-version":[{"id":5796,"href":"https:\/\/zonaroja.com.mx\/index.php?rest_route=\/wp\/v2\/posts\/5794\/revisions\/5796"}],"wp:featuredmedia":[{"embeddable":true,"href":"https:\/\/zonaroja.com.mx\/index.php?rest_route=\/wp\/v2\/media\/5795"}],"wp:attachment":[{"href":"https:\/\/zonaroja.com.mx\/index.php?rest_route=%2Fwp%2Fv2%2Fmedia&parent=5794"}],"wp:term":[{"taxonomy":"category","embeddable":true,"href":"https:\/\/zonaroja.com.mx\/index.php?rest_route=%2Fwp%2Fv2%2Fcategories&post=5794"},{"taxonomy":"post_tag","embeddable":true,"href":"https:\/\/zonaroja.com.mx\/index.php?rest_route=%2Fwp%2Fv2%2Ftags&post=5794"}],"curies":[{"name":"wp","href":"https:\/\/api.w.org\/{rel}","templated":true}]}}