{"id":57947,"date":"2023-07-25T14:21:00","date_gmt":"2023-07-25T19:21:00","guid":{"rendered":"http:\/\/www.zonaroja.com.mx\/?p=57947"},"modified":"2023-07-25T08:27:34","modified_gmt":"2023-07-25T13:27:34","slug":"encuesta-a-xochitl-galvez-no-le-alcanza-para-ganar-a-cualquier-morenista","status":"publish","type":"post","link":"https:\/\/zonaroja.com.mx\/?p=57947","title":{"rendered":"Encuesta: A X\u00f3chitl G\u00e1lvez no le alcanza para ganar a cualquier morenista"},"content":{"rendered":"\n<p>Redacci\u00f3n\/Zona Roja Cdmx.<\/p>\n\n\n\n<p>Ciudad de M\u00e9xico, a 25 de julio de 2023.- A pesar de que la popularidad de X\u00f3chitl G\u00e1lvez creci\u00f3 hasta convertirla en la favorita de la alianza PRI-PAN-PRD para ser su candidata presidencial en las elecciones del 2024, es probable que a\u00fan no le alcance para derrotar a las \u2018corcholatas\u2019 de Morena, de acuerdo con una encuesta realizada por De las Heras Demotecnia.<\/p>\n\n\n\n<p>En las \u00faltimas semanas la panista acapar\u00f3 los reflectores a ra\u00edz de sus \u2018encontronazos\u2019 con el presidente Andr\u00e9s Manuel L\u00f3pez Obrador (AMLO), a quien la autoridad electoral incluso ya le prohibi\u00f3 hablar de ella durante sus ma\u00f1aneras.<\/p>\n\n\n\n<p>Luego de inscribirse en el proceso del Frente Amplio por M\u00e9xico para ser su candidata a la presidencia, la senadora con licencia se convirti\u00f3 en una de las favoritas de la oposici\u00f3n e incluso presumi\u00f3 que ya reuni\u00f3 las firmas necesarias para pasar a la siguiente ron<\/p>\n\n\n\n<p>A pesar de la popularidad que ha ganado X\u00f3chitl G\u00e1lvez, aspirante a la candidatura del Frente Amplio por M\u00e9xico, cualquiera de las seis \u2018corcholatas\u2019 de Morena \u2013hasta Manuel Velasco- podr\u00eda derrotarla y arrasar en la elecci\u00f3n presidencial, seg\u00fan los resultados de una encuesta realizada por De las Heras Demotecnia.<\/p>\n\n\n\n<p>Un \u2018careo\u2019 entre los morenistas y la panista, realizado por dicha encuestadora, revel\u00f3 que a la abanderada de la oposici\u00f3n a\u00fan \u2018no le alcanza\u2019 para ganar la presidencia.<\/p>\n\n\n\n<p>Estos fueron los resultados al preguntarle a los encuestados \u2018Si estos fueran los candidatos para presidente de la Rep\u00fablica, \u00bfpor cu\u00e1l de ellos votar\u00eda?\u2019:<\/p>\n\n\n\n<p>Claudia Sheinbaum gana con 55% contra X\u00f3chitl G\u00e1lvez con 25% de votos<\/p>\n\n\n\n<p>Marcelo Ebrard gana con 54% contra X\u00f3chitl G\u00e1lvez con 26% de votos<\/p>\n\n\n\n<p>Ad\u00e1n Augusto L\u00f3pez gana con 53% contra X\u00f3chitl G\u00e1lvez con 27% de votos<\/p>\n\n\n\n<p>Gerardo Fern\u00e1ndez Noro\u00f1a gana con 52% contra X\u00f3chitl G\u00e1lvez con 28 % de votos<\/p>\n\n\n\n<p>Ricardo Monreal gana con 52% contra X\u00f3chitl G\u00e1lvez con 28% de votos<\/p>\n\n\n\n<p>Manuel Velasco gana con 51% contra X\u00f3chitl G\u00e1lvez con 29 %de votos<\/p>\n\n\n\n<p>Este ejercicio hecho por De las Heras se basa en una encuesta en la que se realizaron 1 mil 400 entrevistas a personas mayores de edad en su vivienda.<\/p>\n\n\n\n<p>Seg\u00fan una encuesta de De las Heras, cualquiera de las \u2018corcholatas\u2019 de Morena, incluso Manuel Velasco, podr\u00eda \u2018arrasar\u2019 en la elecci\u00f3n presidencial del 2024 y derrotar a X\u00f3chitl G\u00e1lvez por 30 puntos o m\u00e1s.<\/p>\n\n\n\n<p>(Informaci\u00f3n de Radio F\u00f3rmula)<\/p>\n","protected":false},"excerpt":{"rendered":"<p>Redacci\u00f3n\/Zona Roja Cdmx. Ciudad de M\u00e9xico, a 25 de julio de 2023.- A pesar de&hellip;<\/p>\n","protected":false},"author":2,"featured_media":56540,"comment_status":"closed","ping_status":"open","sticky":false,"template":"","format":"standard","meta":{"_lmt_disableupdate":"","_lmt_disable":"","_jetpack_memberships_contains_paid_content":false,"footnotes":""},"categories":[109,47],"tags":[3624],"class_list":["post-57947","post","type-post","status-publish","format-standard","has-post-thumbnail","hentry","category-minuto-a-minuto","category-zona-gris","tag-sucesion-presidencial-2024"],"jetpack_featured_media_url":"https:\/\/zonaroja.com.mx\/wp-content\/uploads\/2023\/06\/Corcholatas-aspirantes-Morena-presidenciales-candidatos.jpeg","jetpack_sharing_enabled":true,"_links":{"self":[{"href":"https:\/\/zonaroja.com.mx\/index.php?rest_route=\/wp\/v2\/posts\/57947","targetHints":{"allow":["GET"]}}],"collection":[{"href":"https:\/\/zonaroja.com.mx\/index.php?rest_route=\/wp\/v2\/posts"}],"about":[{"href":"https:\/\/zonaroja.com.mx\/index.php?rest_route=\/wp\/v2\/types\/post"}],"author":[{"embeddable":true,"href":"https:\/\/zonaroja.com.mx\/index.php?rest_route=\/wp\/v2\/users\/2"}],"replies":[{"embeddable":true,"href":"https:\/\/zonaroja.com.mx\/index.php?rest_route=%2Fwp%2Fv2%2Fcomments&post=57947"}],"version-history":[{"count":1,"href":"https:\/\/zonaroja.com.mx\/index.php?rest_route=\/wp\/v2\/posts\/57947\/revisions"}],"predecessor-version":[{"id":57948,"href":"https:\/\/zonaroja.com.mx\/index.php?rest_route=\/wp\/v2\/posts\/57947\/revisions\/57948"}],"wp:featuredmedia":[{"embeddable":true,"href":"https:\/\/zonaroja.com.mx\/index.php?rest_route=\/wp\/v2\/media\/56540"}],"wp:attachment":[{"href":"https:\/\/zonaroja.com.mx\/index.php?rest_route=%2Fwp%2Fv2%2Fmedia&parent=57947"}],"wp:term":[{"taxonomy":"category","embeddable":true,"href":"https:\/\/zonaroja.com.mx\/index.php?rest_route=%2Fwp%2Fv2%2Fcategories&post=57947"},{"taxonomy":"post_tag","embeddable":true,"href":"https:\/\/zonaroja.com.mx\/index.php?rest_route=%2Fwp%2Fv2%2Ftags&post=57947"}],"curies":[{"name":"wp","href":"https:\/\/api.w.org\/{rel}","templated":true}]}}