{"id":57953,"date":"2023-07-26T12:00:00","date_gmt":"2023-07-26T17:00:00","guid":{"rendered":"http:\/\/www.zonaroja.com.mx\/?p=57953"},"modified":"2023-07-26T08:24:13","modified_gmt":"2023-07-26T13:24:13","slug":"opinion-ojo-mucho-ojo","status":"publish","type":"post","link":"https:\/\/zonaroja.com.mx\/?p=57953","title":{"rendered":"Opini\u00f3n. Ojo, mucho ojo"},"content":{"rendered":"\n<p>Abel Campirano<\/p>\n\n\n\n<p>En tierras mixteco-zapotecas, en la antigua Antequera, la Oaxaca de Vasconcelos, de Ju\u00e1rez y de don Porfirio, se emiti\u00f3 una se\u00f1al cuya interpretaci\u00f3n quedar\u00e1 como tarea para los analistas pol\u00edticos.<\/p>\n\n\n\n<p>Como jurista, la se\u00f1al me parece preocupante.<\/p>\n\n\n\n<p>Mire usted: el Congreso del Estado de Oaxaca desapareci\u00f3 este fin de semana al Tribunal de Justicia Administrativa del Estado. En lo que los polit\u00f3logos llaman \u201calbazo\u201d una sesi\u00f3n extraordinaria del Congreso, que dur\u00f3 solo siete minutos, permiti\u00f3 destituir a todos los Magistrados del Tribunal.<\/p>\n\n\n\n<p>As\u00ed, de tajo, el Congreso, de mayor\u00eda Morenista, desapareci\u00f3 el \u00f3rgano jurisdiccional, y cre\u00f3 otro al que denomin\u00f3 Tribunal de Justicia Administrativa y Combate a la Corrupci\u00f3n del Estado de Oaxaca.<\/p>\n\n\n\n<p>Se redujo el n\u00famero de plazas de Magistraturas (de 12 a 7), tres para la Sala Superior y cuatro para las Salas Unitarias. Unas horas despu\u00e9s de este borr\u00f3n y cuenta nueva de los se\u00f1ores congresistas, nuevamente se volvieron a reunir para aprobar la propuesta del gobernador Salom\u00f3n Jara, tambi\u00e9n egresado de Morena, y elegir a los nuevos magistrados, con la particularidad de que la sesi\u00f3n y aprobaci\u00f3n fue fast track de nuevo y en 14 minutos, sin debate, sin discusi\u00f3n, se aprobaron las reformas y se borr\u00f3 de un plumazo un Tribunal y se cre\u00f3 otro.<\/p>\n\n\n\n<p>Lo preocupante es que en aras de un aparente combate a la corrupci\u00f3n se incurre en una pr\u00e1ctica heterodoxa de desaparecer un tribunal y en cuesti\u00f3n de minutos poner otro siendo la raz\u00f3n la que expresara el propio Ejecutivo en el sentido de que en el viejo tribunal \u201canidaba la corrupci\u00f3n y arropaba actos para afectar su administraci\u00f3n\u201d.<\/p>\n\n\n\n<p>Pero no solo es el acto de desaparecerlo y crear otro ipso facto y con votaci\u00f3n virtual, sino pretextar el combate a la corrupci\u00f3n sin someterse a discusi\u00f3n alguna el proyecto. \u00bfY la constituci\u00f3n del Estado? No me vengan conque la ley es la ley.<\/p>\n\n\n\n<p>Esta es una muy mala se\u00f1al. Si en Oaxaca, con un Congreso de mayor\u00eda morenista, con un gobernador morenista, y con el reiterado discurso de lucha contra la corrupci\u00f3n, se lleg\u00f3 al extremo de desaparecer en siete minutos un Tribunal \u00bfno andar\u00e1 revoloteando la misma idea en el Valle del An\u00e1huac?<\/p>\n\n\n\n<p>Porque est\u00e1 m\u00e1s que comprobado que la Suprema Corte estorba a los planes transformadores, adem\u00e1s los Ministros ganan m\u00e1s que el presidente, son corruptos, son fif\u00eds, tienen cotos de poder y dem\u00e1s ingredientes del sobado discurso matutino.<\/p>\n\n\n\n<p>Los que deseamos que se preserve el estado de derecho, que se respete la constituci\u00f3n y se garantice el orden jur\u00eddico y la paz social, tenemos que advertir a la ciudadan\u00eda de esas peligrosas se\u00f1ales.<\/p>\n\n\n\n<p>Recordemos el consejo del T\u00edo Gambo\u00edn y el de Chabelo: \u201cOjo, mucho ojo\u201d.<\/p>\n\n\n\n<p>*Analista. Columna publicada en \u201cMilenio\u201d<\/p>\n","protected":false},"excerpt":{"rendered":"<p>Abel Campirano En tierras mixteco-zapotecas, en la antigua Antequera, la Oaxaca de Vasconcelos, de Ju\u00e1rez&hellip;<\/p>\n","protected":false},"author":2,"featured_media":57954,"comment_status":"closed","ping_status":"open","sticky":false,"template":"","format":"standard","meta":{"_lmt_disableupdate":"","_lmt_disable":"","_jetpack_memberships_contains_paid_content":false,"footnotes":""},"categories":[456,109],"tags":[],"class_list":["post-57953","post","type-post","status-publish","format-standard","has-post-thumbnail","hentry","category-columna","category-minuto-a-minuto"],"jetpack_featured_media_url":"https:\/\/zonaroja.com.mx\/wp-content\/uploads\/2023\/07\/Abel-Campirano.jpeg","jetpack_sharing_enabled":true,"_links":{"self":[{"href":"https:\/\/zonaroja.com.mx\/index.php?rest_route=\/wp\/v2\/posts\/57953","targetHints":{"allow":["GET"]}}],"collection":[{"href":"https:\/\/zonaroja.com.mx\/index.php?rest_route=\/wp\/v2\/posts"}],"about":[{"href":"https:\/\/zonaroja.com.mx\/index.php?rest_route=\/wp\/v2\/types\/post"}],"author":[{"embeddable":true,"href":"https:\/\/zonaroja.com.mx\/index.php?rest_route=\/wp\/v2\/users\/2"}],"replies":[{"embeddable":true,"href":"https:\/\/zonaroja.com.mx\/index.php?rest_route=%2Fwp%2Fv2%2Fcomments&post=57953"}],"version-history":[{"count":1,"href":"https:\/\/zonaroja.com.mx\/index.php?rest_route=\/wp\/v2\/posts\/57953\/revisions"}],"predecessor-version":[{"id":57955,"href":"https:\/\/zonaroja.com.mx\/index.php?rest_route=\/wp\/v2\/posts\/57953\/revisions\/57955"}],"wp:featuredmedia":[{"embeddable":true,"href":"https:\/\/zonaroja.com.mx\/index.php?rest_route=\/wp\/v2\/media\/57954"}],"wp:attachment":[{"href":"https:\/\/zonaroja.com.mx\/index.php?rest_route=%2Fwp%2Fv2%2Fmedia&parent=57953"}],"wp:term":[{"taxonomy":"category","embeddable":true,"href":"https:\/\/zonaroja.com.mx\/index.php?rest_route=%2Fwp%2Fv2%2Fcategories&post=57953"},{"taxonomy":"post_tag","embeddable":true,"href":"https:\/\/zonaroja.com.mx\/index.php?rest_route=%2Fwp%2Fv2%2Ftags&post=57953"}],"curies":[{"name":"wp","href":"https:\/\/api.w.org\/{rel}","templated":true}]}}