{"id":57961,"date":"2023-07-25T20:21:32","date_gmt":"2023-07-26T01:21:32","guid":{"rendered":"http:\/\/www.zonaroja.com.mx\/?p=57961"},"modified":"2023-07-25T20:21:35","modified_gmt":"2023-07-26T01:21:35","slug":"en-el-ine-obstaculizan-el-trabajo-de-reporteros-los-encierran-en-sala-de-prensa","status":"publish","type":"post","link":"https:\/\/zonaroja.com.mx\/?p=57961","title":{"rendered":"En el INE obstaculizan el trabajo de reporteros; los encierran en sala de prensa\u00a0"},"content":{"rendered":"\n<p>Redacci\u00f3n\/Zona Roja Cdmx.<\/p>\n\n\n\n<p>Ciudad de M\u00e9xico, a 25 de julio de 2023.- Con la finalidad de que no grabaran la llegada de gobernadores de los estados a las oficinas del Instituto Nacional Electoral, personal del organismo cerr\u00f3 uno de los accesos a la Sala de Prensa, divulg\u00f3 la reportera&nbsp; de Radio F\u00f3rmula Andrea Meraz.&nbsp;&nbsp;&nbsp;<\/p>\n\n\n\n<p>En el espacio de Joaqu\u00edn L\u00f3pez D\u00f3riga, Meraz coment\u00f3 que la puerta fue abierta a las 12:50, pero igualmente se les impidi\u00f3 entrar a la reuni\u00f3n.<\/p>\n\n\n\n<p>\u201cNos hicieron indicaciones, algunos compa\u00f1eros tomamos im\u00e1genes,&nbsp;nos echaron la llave para no escuchar nada de la reuni\u00f3n\u201c.<\/p>\n\n\n\n<p>\u201cReporteros y reporteras fueron encerradas bajo llave en la Sala de Prensa del INE para que no grabaran la llegada de los gobernadores de M\u00e9xico al instituto\u201d, dijo Grupo F\u00f3rmula.&nbsp;<\/p>\n\n\n\n<p>Al respecto, la reportera Leticia Robles de la Rosa coment\u00f3 \u201cesto es muy grave. Privaci\u00f3n ilegal de la libertad de los reporteros que cubren el INE y clara violaci\u00f3n al derecho constitucional a la informaci\u00f3n y a informar. El INE ha incurrido hoy en delitos graves\u201d. &nbsp;<\/p>\n\n\n\n<p>Previamente se hab\u00eda informado de que gobernadores de los estados acudir\u00edan al organismo para hablar de las elecciones de 2024. Por ejemplo, Salom\u00f3n Jara, gobernador de Oaxaca, tuite\u00f3 a&nbsp; las 12:24: \u201cAcudimos al INE para tener un di\u00e1logo entre las y los consejeros electorales e integrantes de la Conago, trabajando en compromiso con la democracia de nuestro pa\u00eds\u201d.<\/p>\n\n\n\n<p>A la una de la tarde, la cuenta oficial del INE public\u00f3 una foto de Guadalupe Taddei en el encuentro con gobernadores.<\/p>\n\n\n\n<p>Ante el esc\u00e1ndalo en redes, la cuenta oficial del INE subi\u00f3 despu\u00e9s una fotograf\u00eda de reporteros entrevistando a Alfonso Durazo, defendiendo al organismo:<\/p>\n\n\n\n<p>\u201cEl INE siempre ha estado y estar\u00e1 abierto para la prensa de todo el pa\u00eds, que recibir\u00e1 la atenci\u00f3n que merece como ha ocurrido en distintas ocasiones, para el \u00f3ptimo desarrollo de sus funciones. Hoy, la reuni\u00f3n del Instituto con la Conago oficial y gobernadoras y gobernadores fue de car\u00e1cter privado, y a los periodistas se les brind\u00f3 el apoyo para acceder a entrevistas con los participantes\u201d.<\/p>\n\n\n\n<p>Dos horas despu\u00e9s, el organismo emiti\u00f3 una aclaraci\u00f3n:<\/p>\n\n\n\n<p>\u201cLa Sala de Prensa del INE siempre estuvo abierta para la libre entrada y salida de las y los periodistas, que nunca estuvieron \u201cencerrados\u201d. El lugar cuenta con dos accesos, y uno de ellos estuvo abierto sin ning\u00fan tipo de restricciones\u201d.<\/p>\n\n\n\n<p>Seg\u00fan el organismo, cerrar una de las puertas es parte de \u201cla log\u00edstica\u201d que siempre se aplica cuando hay alg\u00fan \u201cevento de car\u00e1cter privado de alto nivel\u201d.<\/p>\n\n\n\n<p>Dijo que en ning\u00fan momento se impidi\u00f3 el ingreso o la salida de los periodistas.<\/p>\n\n\n\n<p>(Informaci\u00f3n de \u201cEtc\u00e9tera\u201d)<\/p>\n","protected":false},"excerpt":{"rendered":"<p>Redacci\u00f3n\/Zona Roja Cdmx. Ciudad de M\u00e9xico, a 25 de julio de 2023.- Con la finalidad&hellip;<\/p>\n","protected":false},"author":2,"featured_media":57962,"comment_status":"closed","ping_status":"open","sticky":false,"template":"","format":"standard","meta":{"_lmt_disableupdate":"","_lmt_disable":"","_jetpack_memberships_contains_paid_content":false,"footnotes":""},"categories":[109,47],"tags":[2764],"class_list":["post-57961","post","type-post","status-publish","format-standard","has-post-thumbnail","hentry","category-minuto-a-minuto","category-zona-gris","tag-instituto-nacional-electoral-ine"],"jetpack_featured_media_url":"https:\/\/zonaroja.com.mx\/wp-content\/uploads\/2023\/07\/INE-cierra-puertas-reporteros.jpeg","jetpack_sharing_enabled":true,"_links":{"self":[{"href":"https:\/\/zonaroja.com.mx\/index.php?rest_route=\/wp\/v2\/posts\/57961","targetHints":{"allow":["GET"]}}],"collection":[{"href":"https:\/\/zonaroja.com.mx\/index.php?rest_route=\/wp\/v2\/posts"}],"about":[{"href":"https:\/\/zonaroja.com.mx\/index.php?rest_route=\/wp\/v2\/types\/post"}],"author":[{"embeddable":true,"href":"https:\/\/zonaroja.com.mx\/index.php?rest_route=\/wp\/v2\/users\/2"}],"replies":[{"embeddable":true,"href":"https:\/\/zonaroja.com.mx\/index.php?rest_route=%2Fwp%2Fv2%2Fcomments&post=57961"}],"version-history":[{"count":1,"href":"https:\/\/zonaroja.com.mx\/index.php?rest_route=\/wp\/v2\/posts\/57961\/revisions"}],"predecessor-version":[{"id":57963,"href":"https:\/\/zonaroja.com.mx\/index.php?rest_route=\/wp\/v2\/posts\/57961\/revisions\/57963"}],"wp:featuredmedia":[{"embeddable":true,"href":"https:\/\/zonaroja.com.mx\/index.php?rest_route=\/wp\/v2\/media\/57962"}],"wp:attachment":[{"href":"https:\/\/zonaroja.com.mx\/index.php?rest_route=%2Fwp%2Fv2%2Fmedia&parent=57961"}],"wp:term":[{"taxonomy":"category","embeddable":true,"href":"https:\/\/zonaroja.com.mx\/index.php?rest_route=%2Fwp%2Fv2%2Fcategories&post=57961"},{"taxonomy":"post_tag","embeddable":true,"href":"https:\/\/zonaroja.com.mx\/index.php?rest_route=%2Fwp%2Fv2%2Ftags&post=57961"}],"curies":[{"name":"wp","href":"https:\/\/api.w.org\/{rel}","templated":true}]}}