{"id":57964,"date":"2023-07-25T21:33:00","date_gmt":"2023-07-26T02:33:00","guid":{"rendered":"http:\/\/www.zonaroja.com.mx\/?p=57964"},"modified":"2023-07-25T20:37:51","modified_gmt":"2023-07-26T01:37:51","slug":"logran-colectivo-deudores-alimentarios-que-ex-funcionario-pague-pension","status":"publish","type":"post","link":"https:\/\/zonaroja.com.mx\/?p=57964","title":{"rendered":"Logran Colectivo Deudores Alimentarios que ex funcionario pague pensi\u00f3n"},"content":{"rendered":"\n<p>Yuridiana Sosa\/Zona Roja.<\/p>\n\n\n\n<p>Oaxaca de Ju\u00e1rez, Oax., a 24 de julio de 2023.- Tras m\u00e1s de seis a\u00f1os de lucha para el reconocimiento de su paternidad y obligaciones, el ex oficial del Registro Civil de Oaxaca, Magdiel Adxali Cort\u00e9s Cer\u00f3n, registr\u00f3 a su hijo y comenz\u00f3 con el pago de sus obligaciones.<\/p>\n\n\n\n<p>El Colectivo Deudores Alimentarios Oaxaca revel\u00f3 que la prueba de ADN de paternidad fue positiva para el ex funcionario estatal del Registro Civil en San Gabriel Mixtepec, en la regi\u00f3n Costa, quien por seis a\u00f1os y tres meses lo neg\u00f3.<\/p>\n\n\n\n<p>Ante este resultado inapelable, el deudor inici\u00f3 con el pago de la debida pensi\u00f3n alimentaria, inform\u00f3 el grupo defensor de mujeres y ni\u00f1os, el cual le record\u00f3 a Cort\u00e9s Cer\u00f3n que dicho pago \u201cno es un apoyo, es obligaci\u00f3n y responsabilidad hacerse cargo de su hijo\u201d.<\/p>\n\n\n\n<p>Adem\u00e1s del proceso penal, el ex funcionario fue denunciado p\u00fablicamente en diversas ocasiones por la madre de su hijo a trav\u00e9s del tendedero de deudores y otras protestas como la del 21 de abril de 2022.<\/p>\n\n\n\n<p>En esa ocasi\u00f3n, la afectada Dalia Luciano se manifest\u00f3 afuera de las oficinas centrales del Registro Civil en la capital oaxaque\u00f1a ante las amenazas de muerte del entonces funcionario priista y presuntamente protegido del diputado Fredy Gil Pineda Gopar, y el director del Registro Civil, Francisco Javier Silva.<\/p>\n\n\n\n<p>Deudores alimentarios Oaxaca tambi\u00e9n denunci\u00f3 recientemente el caso del funcionario de la Comisi\u00f3n Nacional de Derechos Humanos, en Oaxaca, Carlos Cabrera Sim\u00f3n.<\/p>\n\n\n\n<p>El deudor, dijo el colectivo, ya registr\u00f3 a su hijo despu\u00e9s de tres a\u00f1os de haber negado su paternidad, sin embargo, sigue sin pagar la debida pensi\u00f3n alimenticia y el retroactivo correspondiente.&nbsp;<\/p>\n\n\n\n<p>Por lo que la justicia en este caso se mantiene a medias y exigen que se cumpla con el pago de la pensi\u00f3n para el cumplimiento de la ley.&nbsp;<\/p>\n","protected":false},"excerpt":{"rendered":"<p>Yuridiana Sosa\/Zona Roja. Oaxaca de Ju\u00e1rez, Oax., a 24 de julio de 2023.- Tras m\u00e1s&hellip;<\/p>\n","protected":false},"author":2,"featured_media":57965,"comment_status":"closed","ping_status":"open","sticky":false,"template":"","format":"standard","meta":{"_lmt_disableupdate":"","_lmt_disable":"","_jetpack_memberships_contains_paid_content":false,"footnotes":""},"categories":[109,47],"tags":[2800],"class_list":["post-57964","post","type-post","status-publish","format-standard","has-post-thumbnail","hentry","category-minuto-a-minuto","category-zona-gris","tag-deudores-alimentarios-oaxaca"],"jetpack_featured_media_url":"https:\/\/zonaroja.com.mx\/wp-content\/uploads\/2023\/07\/Magdiel-Cortes-Ceron.jpg","jetpack_sharing_enabled":true,"_links":{"self":[{"href":"https:\/\/zonaroja.com.mx\/index.php?rest_route=\/wp\/v2\/posts\/57964","targetHints":{"allow":["GET"]}}],"collection":[{"href":"https:\/\/zonaroja.com.mx\/index.php?rest_route=\/wp\/v2\/posts"}],"about":[{"href":"https:\/\/zonaroja.com.mx\/index.php?rest_route=\/wp\/v2\/types\/post"}],"author":[{"embeddable":true,"href":"https:\/\/zonaroja.com.mx\/index.php?rest_route=\/wp\/v2\/users\/2"}],"replies":[{"embeddable":true,"href":"https:\/\/zonaroja.com.mx\/index.php?rest_route=%2Fwp%2Fv2%2Fcomments&post=57964"}],"version-history":[{"count":1,"href":"https:\/\/zonaroja.com.mx\/index.php?rest_route=\/wp\/v2\/posts\/57964\/revisions"}],"predecessor-version":[{"id":57966,"href":"https:\/\/zonaroja.com.mx\/index.php?rest_route=\/wp\/v2\/posts\/57964\/revisions\/57966"}],"wp:featuredmedia":[{"embeddable":true,"href":"https:\/\/zonaroja.com.mx\/index.php?rest_route=\/wp\/v2\/media\/57965"}],"wp:attachment":[{"href":"https:\/\/zonaroja.com.mx\/index.php?rest_route=%2Fwp%2Fv2%2Fmedia&parent=57964"}],"wp:term":[{"taxonomy":"category","embeddable":true,"href":"https:\/\/zonaroja.com.mx\/index.php?rest_route=%2Fwp%2Fv2%2Fcategories&post=57964"},{"taxonomy":"post_tag","embeddable":true,"href":"https:\/\/zonaroja.com.mx\/index.php?rest_route=%2Fwp%2Fv2%2Ftags&post=57964"}],"curies":[{"name":"wp","href":"https:\/\/api.w.org\/{rel}","templated":true}]}}