{"id":57967,"date":"2023-07-25T20:53:38","date_gmt":"2023-07-26T01:53:38","guid":{"rendered":"http:\/\/www.zonaroja.com.mx\/?p=57967"},"modified":"2023-07-25T20:53:40","modified_gmt":"2023-07-26T01:53:40","slug":"matan-a-una-mujer-en-huajuapan-y-ejecutan-a-individuo-en-salina-cruz","status":"publish","type":"post","link":"https:\/\/zonaroja.com.mx\/?p=57967","title":{"rendered":"Matan a una mujer en Huajuapan y ejecutan a individuo en Salina Cruz"},"content":{"rendered":"\n<p>Ismael Garc\u00eda M.\/Zona Roja.&nbsp;<\/p>\n\n\n\n<p>Oaxaca de Ju\u00e1rez, Oax., a 25 de julio de 2023.- Una mujer fue asesinada, presuntamente a golpes, en el interior de un domicilio ubicado en Huajuapan de Le\u00f3n, municipio de la regi\u00f3n Mixteca de Oaxaca.<\/p>\n\n\n\n<p>La v\u00edctima a\u00fan no ha sido identificada y s\u00f3lo se inform\u00f3 que tiene aproximadamente 34 a\u00f1os de edad; el cuerpo fue hallado en un domicilio en un callej\u00f3n de la calle Nuyo\u00f3, en el centro de dicha ciudad.<\/p>\n\n\n\n<p>Personal de la Vicefiscal\u00eda Regional de la Mixteca inici\u00f3 con las indagatorias correspondientes para determinar cient\u00edficamente las causas de la muerte.<\/p>\n\n\n\n<p>SALINA CRUZ SANGRIENTO<\/p>\n\n\n\n<p>Por otra parte, en el municipio de Salina Cruz ocurrieron dos hechos sangrientos en las \u00faltimas horas.<\/p>\n\n\n\n<p>El m\u00e1s reciente fue la ejecuci\u00f3n a balazos de un individuo, cuyo cuerpo fue localizado en la colonia Istme\u00f1a, cerca del camino viejo a La Ventosa.<\/p>\n\n\n\n<p>Fue alrededor de las 05:00 horas en que fue descubierto el cad\u00e1ver, por lo cual la zona fue acordonada por elementos policiacos; hasta el momento no hay mayores indicios del caso, cuya investigaci\u00f3n inici\u00f3 la Vicefiscal\u00eda Regional del Istmo.<\/p>\n\n\n\n<p>Tambi\u00e9n en Salina Cruz, la tarde-noche de ayer se registr\u00f3 un ataque armado en la localidad de Ensenada Bah\u00eda La Ventosa, con resultado de un individuo herido de bala.<\/p>\n\n\n\n<p>Fue trasladado por sus familiares a un hospital, donde hasta el momento convalece y a\u00fan se desconoce su identidad.<\/p>\n","protected":false},"excerpt":{"rendered":"<p>Ismael Garc\u00eda M.\/Zona Roja.&nbsp; Oaxaca de Ju\u00e1rez, Oax., a 25 de julio de 2023.- Una&hellip;<\/p>\n","protected":false},"author":2,"featured_media":57951,"comment_status":"closed","ping_status":"open","sticky":false,"template":"","format":"standard","meta":{"_lmt_disableupdate":"","_lmt_disable":"","_jetpack_memberships_contains_paid_content":false,"footnotes":""},"categories":[109,51],"tags":[168],"class_list":["post-57967","post","type-post","status-publish","format-standard","has-post-thumbnail","hentry","category-minuto-a-minuto","category-zona-roja","tag-salina-cruz"],"jetpack_featured_media_url":"https:\/\/zonaroja.com.mx\/wp-content\/uploads\/2023\/07\/Asesinado-en-Salina-Cruz.webp","jetpack_sharing_enabled":true,"_links":{"self":[{"href":"https:\/\/zonaroja.com.mx\/index.php?rest_route=\/wp\/v2\/posts\/57967","targetHints":{"allow":["GET"]}}],"collection":[{"href":"https:\/\/zonaroja.com.mx\/index.php?rest_route=\/wp\/v2\/posts"}],"about":[{"href":"https:\/\/zonaroja.com.mx\/index.php?rest_route=\/wp\/v2\/types\/post"}],"author":[{"embeddable":true,"href":"https:\/\/zonaroja.com.mx\/index.php?rest_route=\/wp\/v2\/users\/2"}],"replies":[{"embeddable":true,"href":"https:\/\/zonaroja.com.mx\/index.php?rest_route=%2Fwp%2Fv2%2Fcomments&post=57967"}],"version-history":[{"count":1,"href":"https:\/\/zonaroja.com.mx\/index.php?rest_route=\/wp\/v2\/posts\/57967\/revisions"}],"predecessor-version":[{"id":57968,"href":"https:\/\/zonaroja.com.mx\/index.php?rest_route=\/wp\/v2\/posts\/57967\/revisions\/57968"}],"wp:featuredmedia":[{"embeddable":true,"href":"https:\/\/zonaroja.com.mx\/index.php?rest_route=\/wp\/v2\/media\/57951"}],"wp:attachment":[{"href":"https:\/\/zonaroja.com.mx\/index.php?rest_route=%2Fwp%2Fv2%2Fmedia&parent=57967"}],"wp:term":[{"taxonomy":"category","embeddable":true,"href":"https:\/\/zonaroja.com.mx\/index.php?rest_route=%2Fwp%2Fv2%2Fcategories&post=57967"},{"taxonomy":"post_tag","embeddable":true,"href":"https:\/\/zonaroja.com.mx\/index.php?rest_route=%2Fwp%2Fv2%2Ftags&post=57967"}],"curies":[{"name":"wp","href":"https:\/\/api.w.org\/{rel}","templated":true}]}}