{"id":57976,"date":"2023-07-26T09:30:00","date_gmt":"2023-07-26T14:30:00","guid":{"rendered":"http:\/\/www.zonaroja.com.mx\/?p=57976"},"modified":"2023-07-26T09:38:23","modified_gmt":"2023-07-26T14:38:23","slug":"arde-veracruz-asesinan-a-morenista-queman-15-vehiculos","status":"publish","type":"post","link":"https:\/\/zonaroja.com.mx\/?p=57976","title":{"rendered":"Arde Veracruz: asesinan a morenista; queman 15 veh\u00edculos"},"content":{"rendered":"\n<p>Redacci\u00f3n\/Zona Roja Cdmx.<\/p>\n\n\n\n<p>Ciudad de M\u00e9xico, a 26 de julio de 2023.- Presuntos integrantes del Frente Nacional de Lucha por el Socialismo (FNLS), procedentes de Hidalgo, quemaron al menos 15 veh\u00edculos en el tramo carretero San Sebasti\u00e1n-Chicontepec, en el municipio de Tantoyuca, situado en el norte de Veracruz, para exigir justicia por la \u201cejecuci\u00f3n extrajudicial\u201d de Gregorio de la Cruz, miembro de la organizaci\u00f3n.<\/p>\n\n\n\n<p>Denunciaron que el cuerpo de su compa\u00f1ero fue hallado la ma\u00f1ana del domingo pasado en el poblado de Chalma; ten\u00eda heridas de arma punzocortante en el rostro y otras partes del cuerpo, as\u00ed como signos de tortura, seg\u00fan reportes policiacos y de militantes del FNLS que reconocieron el cad\u00e1ver.<\/p>\n\n\n\n<p>Se\u00f1alaron que el homicidio de Gregorio, de 47 a\u00f1os, quien tambi\u00e9n formaba parte del Frente Democr\u00e1tico Oriental de M\u00e9xico Emiliano Zapata, fue cometido en el contexto \u201cdel acoso pol\u00edtico por parte de agentes del estado de Veracruz que se despliegan en la regi\u00f3n donde est\u00e1n asentadas comunidades de la organizaci\u00f3n\u201d.<\/p>\n\n\n\n<p>Explicaron que su colega participaba en las acciones del FNLS para exigir la presentaci\u00f3n con vida de sus compa\u00f1eros Fidencio G\u00f3mez Santis, Edmundo Reyes Amaya y Gabriel Alberto Cruz S\u00e1nchez, as\u00ed como la libertad incondicional de Higinio Bustos Navarro, actualmente detenido.<\/p>\n\n\n\n<p>Transe\u00fantes reportaron que a las 10 horas los supuestos integrantes del FNLS comenzaron a detener a automovilistas, transportistas y choferes de camiones repartidores y de un autob\u00fas.<\/p>\n\n\n\n<p>Los despojaron de las unidades y las incendiaron. No hubo lesionados, aunque s\u00ed ciudadanos que sufrieron crisis nerviosas; la circulaci\u00f3n se vio interrumpida varias horas.<\/p>\n\n\n\n<p>Durante hora y media, los presuntos miembros del FNLS protestaron sin que alg\u00fan agente del Estado acudiera. Despu\u00e9s de las 11:30 horas llegaron los primeros polic\u00edas de la Fuerza Civil y un helic\u00f3ptero que sobrevol\u00f3 el sector; para entonces los responsables de quemar las unidades ya se hab\u00edan ido.<\/p>\n\n\n\n<p>ASESINAN A POL\u00cdTICA<\/p>\n\n\n\n<p>En otro hecho, Zayma Zoraya Zamora Garc\u00eda, quien se presentaba como coordinadora de log\u00edstica de las asambleas informativas del morenista Ad\u00e1n Augusto L\u00f3pez Hern\u00e1ndez en el municipio de Poza Rica, ubicado en el norte de la entidad, fue asesinada a balazos este martes, informaron fuentes policiales.<\/p>\n\n\n\n<p>La mujer tambi\u00e9n era presidenta de la fundaci\u00f3n Vivir para Servir sin Condici\u00f3n y en 2021 fue candidata a alcaldesa por el partido Unidad Ciudadana; perdi\u00f3 ante el abanderado de Morena, Fernando Luis Remes Garza.<\/p>\n\n\n\n<p>De acuerdo con los primeros reportes, desconocidos dispararon contra Zamora Garc\u00eda alrededor de las 13:00 horas, cuando se dirig\u00eda en un veh\u00edculo a su negocio, Muelles y Mofles Rasc\u00f3n, localizado en el bulevar L\u00e1zaro C\u00e1rdenas de dicha ciudad. En el sitio result\u00f3 lesionada su hija Zaima \u201cN\u201d.<\/p>\n\n\n\n<p>La activista, empresaria y pol\u00edtica hab\u00eda externado su simpat\u00eda por Ad\u00e1n Augusto L\u00f3pez, aspirante a coordinar los Comit\u00e9s de la Defensa de la Cuarta Trasformaci\u00f3n, y asegur\u00f3 haber formado parte del equipo que estuvo a cargo de organizar la asamblea que el ex secretario de Gobernaci\u00f3n efectu\u00f3 el 5 de julio pasado en Poza Rica.<\/p>\n\n\n\n<p>El pasado 8 de julio, en su cuenta de Facebook, escribi\u00f3: \u201cSer la \u00fanica mujer en la coordinaci\u00f3n para dar la bienvenida a nuestro amigo Ad\u00e1n Augusto L\u00f3pez Hern\u00e1ndez nos dio la oportunidad de demostrar que hacemos bien nuestras actividades con el mejor equipo\u201d.<\/p>\n\n\n\n<p>La Fiscal\u00eda General del Estado dio a conocer en su cuenta de Twitter que inici\u00f3 una investigaci\u00f3n \u201cpor los lamentables hechos ocurridos en el bulevar L\u00e1zaro C\u00e1rdenas de la colonia Ignacio de la Llave, de la ciudad de Poza Rica, en los que perdi\u00f3 la vida Zayma Zoraya Zamora Garc\u00eda\u201d.<\/p>\n\n\n\n<p>(Informaci\u00f3n de \u201cLa Jornada\u201d)<\/p>\n","protected":false},"excerpt":{"rendered":"<p>Redacci\u00f3n\/Zona Roja Cdmx. Ciudad de M\u00e9xico, a 26 de julio de 2023.- Presuntos integrantes del&hellip;<\/p>\n","protected":false},"author":2,"featured_media":57977,"comment_status":"closed","ping_status":"open","sticky":false,"template":"","format":"standard","meta":{"_lmt_disableupdate":"","_lmt_disable":"","_jetpack_memberships_contains_paid_content":false,"footnotes":""},"categories":[109,47],"tags":[1746],"class_list":["post-57976","post","type-post","status-publish","format-standard","has-post-thumbnail","hentry","category-minuto-a-minuto","category-zona-gris","tag-violencia-en-mexico"],"jetpack_featured_media_url":"https:\/\/zonaroja.com.mx\/wp-content\/uploads\/2023\/07\/Incendio-de-vehiculos-en-Veracruz.jpeg","jetpack_sharing_enabled":true,"_links":{"self":[{"href":"https:\/\/zonaroja.com.mx\/index.php?rest_route=\/wp\/v2\/posts\/57976","targetHints":{"allow":["GET"]}}],"collection":[{"href":"https:\/\/zonaroja.com.mx\/index.php?rest_route=\/wp\/v2\/posts"}],"about":[{"href":"https:\/\/zonaroja.com.mx\/index.php?rest_route=\/wp\/v2\/types\/post"}],"author":[{"embeddable":true,"href":"https:\/\/zonaroja.com.mx\/index.php?rest_route=\/wp\/v2\/users\/2"}],"replies":[{"embeddable":true,"href":"https:\/\/zonaroja.com.mx\/index.php?rest_route=%2Fwp%2Fv2%2Fcomments&post=57976"}],"version-history":[{"count":1,"href":"https:\/\/zonaroja.com.mx\/index.php?rest_route=\/wp\/v2\/posts\/57976\/revisions"}],"predecessor-version":[{"id":57978,"href":"https:\/\/zonaroja.com.mx\/index.php?rest_route=\/wp\/v2\/posts\/57976\/revisions\/57978"}],"wp:featuredmedia":[{"embeddable":true,"href":"https:\/\/zonaroja.com.mx\/index.php?rest_route=\/wp\/v2\/media\/57977"}],"wp:attachment":[{"href":"https:\/\/zonaroja.com.mx\/index.php?rest_route=%2Fwp%2Fv2%2Fmedia&parent=57976"}],"wp:term":[{"taxonomy":"category","embeddable":true,"href":"https:\/\/zonaroja.com.mx\/index.php?rest_route=%2Fwp%2Fv2%2Fcategories&post=57976"},{"taxonomy":"post_tag","embeddable":true,"href":"https:\/\/zonaroja.com.mx\/index.php?rest_route=%2Fwp%2Fv2%2Ftags&post=57976"}],"curies":[{"name":"wp","href":"https:\/\/api.w.org\/{rel}","templated":true}]}}