{"id":57981,"date":"2023-07-26T11:24:00","date_gmt":"2023-07-26T16:24:00","guid":{"rendered":"http:\/\/www.zonaroja.com.mx\/?p=57981"},"modified":"2023-07-26T08:31:39","modified_gmt":"2023-07-26T13:31:39","slug":"giei-el-estado-mexicano-participo-en-desaparicion-de-los-43-y-ha-ocultado-informacion","status":"publish","type":"post","link":"https:\/\/zonaroja.com.mx\/?p=57981","title":{"rendered":"GIEI: el Estado mexicano particip\u00f3 en desaparici\u00f3n de los 43 y ha ocultado informaci\u00f3n"},"content":{"rendered":"\n<p>Redacci\u00f3n\/Zona Roja Cdmx.<\/p>\n\n\n\n<p>Ciudad de M\u00e9xico, a 26 de julio de 2023.- El Grupo Interdisciplinario de Expertos Independientes (GIEI) present\u00f3 ayer su sexto y \u00faltimo informe sobre sus pesquisas iniciadas en 2015 tras un acuerdo de M\u00e9xico con la Comisi\u00f3n Interamericana de Derechos Humanos (CIDH), luego de la desaparici\u00f3n de 43 estudiantes de la escuela de maestros de Ayotzinapa, ocurrida en 2014.<\/p>\n\n\n\n<p>\u00abEl ocultamiento de esa informaci\u00f3n (\u2026) se ha constituido en una responsabilidad del Estado en la desaparici\u00f3n de los j\u00f3venes\u00bb, dijo el espa\u00f1ol Carlos Beristain, uno de los expertos, al presentar el informe en rueda de prensa.<\/p>\n\n\n\n<p>Para el GIEI es \u00abimposible\u00bb seguir su trabajo de pesquisas ante el \u00abocultamiento y la insistencia en negar cosas que son obvias\u00bb de parte del Estado, agreg\u00f3.<\/p>\n\n\n\n<p>En su informe, los expertos cuestionaron nuevamente la actuaci\u00f3n del Ej\u00e9rcito mexicano. \u00abNo solo permiti\u00f3 que se dieran los ataques sino encubri\u00f3 posteriormente y no facilit\u00f3 la informaci\u00f3n veraz sobre lo sucedido\u00bb, subray\u00f3.<\/p>\n\n\n\n<p>Los estudiantes desaparecieron la noche del 26 al 27 de septiembre de 2014 luego de que se dirigieron al municipio de Iguala para hacerse de autobuses con los que pretend\u00edan viajar para actividades en la Ciudad de M\u00e9xico.<\/p>\n\n\n\n<p>\u00abSe sigue mintiendo sobre la ausencia de informaci\u00f3n en Sedena (secretar\u00eda de la Defensa), sobre lo que pas\u00f3 o sobre documentos que tuvieron sobre el posible destino de los normalistas\u00bb, a\u00f1adi\u00f3 Beristain.<\/p>\n\n\n\n<p>La colombiana Angela Buitrago se\u00f1al\u00f3 de su lado que est\u00e1 documentada la presencia de polic\u00edas y militares en el Palacio de Justicia de Iguala justo \u00abcuando se estaban llevando a los muchachos con direcci\u00f3n desconocida\u00bb.<\/p>\n\n\n\n<p>As\u00ed, el GIEI concluye su mandato en medio de diferencias con el actual gobierno del izquierdista Andr\u00e9s Manuel L\u00f3pez Obrador, quien se hab\u00eda comprometido a dar pleno acceso a informes relativos al caso.<\/p>\n\n\n\n<p>La versi\u00f3n oficial, que seg\u00fan expertos presenta numerosas \u00abinconsistencias\u00bb, apunta a que los estudiantes fueron detenidos por polic\u00edas de Iguala coludidos con criminales.<\/p>\n\n\n\n<p>El GIEI se cre\u00f3 en 2015 luego que familiares de los j\u00f3venes, el gobierno mexicano y la&nbsp;CIDH&nbsp;alcanzaron un acuerdo de asistencia t\u00e9cnica.<\/p>\n\n\n\n<p>Inicialmente fueron cinco integrantes, pero se retiraron el colombiano Alejandro Valencia, la guatemalteca Claudia Paz y Paz, el chileno Francisco Cox.<\/p>\n\n\n\n<p>(Informaci\u00f3n del portal \u201cEje Central\u201d)<\/p>\n","protected":false},"excerpt":{"rendered":"<p>Redacci\u00f3n\/Zona Roja Cdmx. Ciudad de M\u00e9xico, a 26 de julio de 2023.- El Grupo Interdisciplinario&hellip;<\/p>\n","protected":false},"author":2,"featured_media":45140,"comment_status":"closed","ping_status":"open","sticky":false,"template":"","format":"standard","meta":{"_lmt_disableupdate":"","_lmt_disable":"","_jetpack_memberships_contains_paid_content":false,"footnotes":""},"categories":[109,47],"tags":[823],"class_list":["post-57981","post","type-post","status-publish","format-standard","has-post-thumbnail","hentry","category-minuto-a-minuto","category-zona-gris","tag-desaparecidos-ayotzinapa-guerrero"],"jetpack_featured_media_url":"https:\/\/zonaroja.com.mx\/wp-content\/uploads\/2022\/08\/Desaparecidos-Normal-Ayotzinapa.jpeg","jetpack_sharing_enabled":true,"_links":{"self":[{"href":"https:\/\/zonaroja.com.mx\/index.php?rest_route=\/wp\/v2\/posts\/57981","targetHints":{"allow":["GET"]}}],"collection":[{"href":"https:\/\/zonaroja.com.mx\/index.php?rest_route=\/wp\/v2\/posts"}],"about":[{"href":"https:\/\/zonaroja.com.mx\/index.php?rest_route=\/wp\/v2\/types\/post"}],"author":[{"embeddable":true,"href":"https:\/\/zonaroja.com.mx\/index.php?rest_route=\/wp\/v2\/users\/2"}],"replies":[{"embeddable":true,"href":"https:\/\/zonaroja.com.mx\/index.php?rest_route=%2Fwp%2Fv2%2Fcomments&post=57981"}],"version-history":[{"count":1,"href":"https:\/\/zonaroja.com.mx\/index.php?rest_route=\/wp\/v2\/posts\/57981\/revisions"}],"predecessor-version":[{"id":57982,"href":"https:\/\/zonaroja.com.mx\/index.php?rest_route=\/wp\/v2\/posts\/57981\/revisions\/57982"}],"wp:featuredmedia":[{"embeddable":true,"href":"https:\/\/zonaroja.com.mx\/index.php?rest_route=\/wp\/v2\/media\/45140"}],"wp:attachment":[{"href":"https:\/\/zonaroja.com.mx\/index.php?rest_route=%2Fwp%2Fv2%2Fmedia&parent=57981"}],"wp:term":[{"taxonomy":"category","embeddable":true,"href":"https:\/\/zonaroja.com.mx\/index.php?rest_route=%2Fwp%2Fv2%2Fcategories&post=57981"},{"taxonomy":"post_tag","embeddable":true,"href":"https:\/\/zonaroja.com.mx\/index.php?rest_route=%2Fwp%2Fv2%2Ftags&post=57981"}],"curies":[{"name":"wp","href":"https:\/\/api.w.org\/{rel}","templated":true}]}}