{"id":57986,"date":"2023-07-26T11:47:00","date_gmt":"2023-07-26T16:47:00","guid":{"rendered":"http:\/\/www.zonaroja.com.mx\/?p=57986"},"modified":"2023-07-26T09:18:00","modified_gmt":"2023-07-26T14:18:00","slug":"insisten-artistas-plasticos-que-gobierno-les-devuelva-obras-retenidas-en-el-maco","status":"publish","type":"post","link":"https:\/\/zonaroja.com.mx\/?p=57986","title":{"rendered":"Insisten artistas pl\u00e1sticos que gobierno les devuelva obras retenidas en el MACO"},"content":{"rendered":"\n<p>Ismael Garc\u00eda M.\/Zona Roja.<\/p>\n\n\n\n<p>Oaxaca de Ju\u00e1rez, Oax., a 26 de julio de 2023.- A un mes de la \u201ctoma\u201d del Museo de Arte Contempor\u00e1neo de Oaxaca (MACO), las artistas pl\u00e1ticas Susana Wald, Tania Bello y Patricia Belli reiteraron su petici\u00f3n al Gobierno del Estado para que les devuelva su obra retenida en el recinto.<\/p>\n\n\n\n<p>\u201cSe\u00f1or gobernador (Salom\u00f3n Jara), necesito su intervenci\u00f3n parMuseo, porque junto con otras, ser\u00e1n parte de una muestra que tendr\u00e9 en la ciudad de Nueva York en fecha pr\u00f3xima. Confi\u00f3 en que mi solicitud ser\u00e1 atendida prontamente\u201d, escribi\u00f3 Susana Wald, radicada en Oaxaca desde hace 29 a\u00f1os.<\/p>\n\n\n\n<p>\u201cRespetuosamente le solicito su intervenci\u00f3n para que mis obras regresen a mi custodia, siendo las obras de mi propiedad y de un valor sentimental inconmensurable\u201d, detall\u00f3 a su vez Patricia Belli.<\/p>\n\n\n\n<p>\u201cSoy artista pl\u00e1stica independiente, ajena al conflicto administrativo que sufre el MACO. Originaria de la ciudad de M\u00e9xico, radico en Oaxaca desde hace varios a\u00f1os, lugar donde he podido nutrir mi pr\u00e1ctica art\u00edstica con las t\u00e9cnicas tradicionales que mantienen vivas las distintas comunidades del estado\u201d, detall\u00f3 a su vez Tania Bello.<\/p>\n\n\n\n<p>\u201cLas artistas no participan de ninguna manera en los procesos legales, administrativos y laborales entre la Consejer\u00eda Jur\u00eddica y la Asociaci\u00f3n Amigos del MACO\u201d, reiter\u00f3 este organismo civil.<\/p>\n\n\n\n<p>\u201cRetrasar la devoluci\u00f3n de las artistas Tania Bello, Susana Wald y Patricia Belli constituye un atentado en su contra, por lo que solicitamos al gobernador de Oaxaca su apoyo para la pronta liberaci\u00f3n de las 40 obras de las exposiciones temporales\u201d, detall\u00f3 en una misiva.&nbsp;<\/p>\n\n\n\n<p>Expres\u00f3 que es injusto afectar a terceras personas (las artistas) por causa de un conflicto que surge por la rescisi\u00f3n del comodato del inmueble que ocupaba el MACO, por parte de la Consejer\u00eda Jur\u00eddica del Gobierno de Oaxaca, \u201ctoda vez que con ello se est\u00e1n violando su dignidad y sus derechos humanos\u201d.<\/p>\n","protected":false},"excerpt":{"rendered":"<p>Ismael Garc\u00eda M.\/Zona Roja. Oaxaca de Ju\u00e1rez, Oax., a 26 de julio de 2023.- A&hellip;<\/p>\n","protected":false},"author":2,"featured_media":57987,"comment_status":"closed","ping_status":"open","sticky":false,"template":"","format":"standard","meta":{"_lmt_disableupdate":"","_lmt_disable":"","_jetpack_memberships_contains_paid_content":false,"footnotes":""},"categories":[109,47],"tags":[2298],"class_list":["post-57986","post","type-post","status-publish","format-standard","has-post-thumbnail","hentry","category-minuto-a-minuto","category-zona-gris","tag-museo-de-arte-contemporaneo-de-oaxaca-maco"],"jetpack_featured_media_url":"https:\/\/zonaroja.com.mx\/wp-content\/uploads\/2023\/07\/Artistas-piden-obras-MACO-Museo.jpg","jetpack_sharing_enabled":true,"_links":{"self":[{"href":"https:\/\/zonaroja.com.mx\/index.php?rest_route=\/wp\/v2\/posts\/57986","targetHints":{"allow":["GET"]}}],"collection":[{"href":"https:\/\/zonaroja.com.mx\/index.php?rest_route=\/wp\/v2\/posts"}],"about":[{"href":"https:\/\/zonaroja.com.mx\/index.php?rest_route=\/wp\/v2\/types\/post"}],"author":[{"embeddable":true,"href":"https:\/\/zonaroja.com.mx\/index.php?rest_route=\/wp\/v2\/users\/2"}],"replies":[{"embeddable":true,"href":"https:\/\/zonaroja.com.mx\/index.php?rest_route=%2Fwp%2Fv2%2Fcomments&post=57986"}],"version-history":[{"count":1,"href":"https:\/\/zonaroja.com.mx\/index.php?rest_route=\/wp\/v2\/posts\/57986\/revisions"}],"predecessor-version":[{"id":57988,"href":"https:\/\/zonaroja.com.mx\/index.php?rest_route=\/wp\/v2\/posts\/57986\/revisions\/57988"}],"wp:featuredmedia":[{"embeddable":true,"href":"https:\/\/zonaroja.com.mx\/index.php?rest_route=\/wp\/v2\/media\/57987"}],"wp:attachment":[{"href":"https:\/\/zonaroja.com.mx\/index.php?rest_route=%2Fwp%2Fv2%2Fmedia&parent=57986"}],"wp:term":[{"taxonomy":"category","embeddable":true,"href":"https:\/\/zonaroja.com.mx\/index.php?rest_route=%2Fwp%2Fv2%2Fcategories&post=57986"},{"taxonomy":"post_tag","embeddable":true,"href":"https:\/\/zonaroja.com.mx\/index.php?rest_route=%2Fwp%2Fv2%2Ftags&post=57986"}],"curies":[{"name":"wp","href":"https:\/\/api.w.org\/{rel}","templated":true}]}}