{"id":57992,"date":"2023-07-26T10:43:53","date_gmt":"2023-07-26T15:43:53","guid":{"rendered":"http:\/\/www.zonaroja.com.mx\/?p=57992"},"modified":"2023-07-26T10:43:55","modified_gmt":"2023-07-26T15:43:55","slug":"asesinan-a-otras-dos-personas-en-oaxaca-suman-cuatro-victimas-del-martes","status":"publish","type":"post","link":"https:\/\/zonaroja.com.mx\/?p=57992","title":{"rendered":"Asesinan a otras dos personas en Oaxaca; suman cuatro v\u00edctimas del martes"},"content":{"rendered":"\n<p>Redacci\u00f3n\/Zona Roja. <\/p>\n\n\n\n<p>Oaxaca de Ju\u00e1rez, Oax., a 26 de julio de 2023.- Otras dos personas fueron asesinadas en Oaxaca este martes, con lo que suman cuatro v\u00edctimas de homicidio doloso.&nbsp;<\/p>\n\n\n\n<p>El m\u00e1s reciente hecho ocurri\u00f3 anoche alrededor de las 22:00 horas en el municipio de San Miguel Soyaltepec, regi\u00f3n en la Cuenca.<\/p>\n\n\n\n<p>Integrantes de un grupo armado arribaron a una taquer\u00eda del centro de dicha localidad y acribillaron a los comensales.&nbsp;<\/p>\n\n\n\n<p>Dos personas del sexo masculino perdieron la vida, una de ellas identificada como Max M. J., y una m\u00e1s permanece como desconocida.&nbsp;<\/p>\n\n\n\n<p>Por la falta de vigilancia policiaca municipal y estatal en la zona, pese a ser un municipio de alta incidencia delictiva, no hubo persecuci\u00f3n de los maleantes, que huyeron sin contratiempos.<\/p>\n\n\n\n<p>Personal de la Vicefiscal Regional de la Cuenca inici\u00f3 las indagatorias correspondientes.<\/p>\n\n\n\n<p>Como se inform\u00f3, ayer por la tarde, en un domicilio del centro de la ciudad de Huajuapan de Le\u00f3n, fue hallada sin vida una mujer.<\/p>\n\n\n\n<p>Su cuerpo presenta huellas de violencia a causa de golpes y la Vicefiscal\u00eda Regional de la Mixteca inici\u00f3 la indagatoria bajo los protocolos de feminicidio.<\/p>\n\n\n\n<p>Como se inform\u00f3, la ma\u00f1ana de ayer en la colonia Istme\u00f1a de Salina Cruz, cerca del camino viejo a La Ventosa, fue hallado un cuerpo sin vida.<\/p>\n\n\n\n<p>El masculino presenta varios impactos de arma de fuego, y hasta el momento no ha sido identificado.&nbsp;<\/p>\n","protected":false},"excerpt":{"rendered":"<p>Redacci\u00f3n\/Zona Roja. Oaxaca de Ju\u00e1rez, Oax., a 26 de julio de 2023.- Otras dos personas&hellip;<\/p>\n","protected":false},"author":2,"featured_media":38093,"comment_status":"closed","ping_status":"open","sticky":false,"template":"","format":"standard","meta":{"_lmt_disableupdate":"","_lmt_disable":"","_jetpack_memberships_contains_paid_content":false,"footnotes":""},"categories":[109,51],"tags":[],"class_list":["post-57992","post","type-post","status-publish","format-standard","has-post-thumbnail","hentry","category-minuto-a-minuto","category-zona-roja"],"jetpack_featured_media_url":"https:\/\/zonaroja.com.mx\/wp-content\/uploads\/2022\/02\/Policia-escena-seguridad-violencia-crimen.jpg","jetpack_sharing_enabled":true,"_links":{"self":[{"href":"https:\/\/zonaroja.com.mx\/index.php?rest_route=\/wp\/v2\/posts\/57992","targetHints":{"allow":["GET"]}}],"collection":[{"href":"https:\/\/zonaroja.com.mx\/index.php?rest_route=\/wp\/v2\/posts"}],"about":[{"href":"https:\/\/zonaroja.com.mx\/index.php?rest_route=\/wp\/v2\/types\/post"}],"author":[{"embeddable":true,"href":"https:\/\/zonaroja.com.mx\/index.php?rest_route=\/wp\/v2\/users\/2"}],"replies":[{"embeddable":true,"href":"https:\/\/zonaroja.com.mx\/index.php?rest_route=%2Fwp%2Fv2%2Fcomments&post=57992"}],"version-history":[{"count":1,"href":"https:\/\/zonaroja.com.mx\/index.php?rest_route=\/wp\/v2\/posts\/57992\/revisions"}],"predecessor-version":[{"id":57993,"href":"https:\/\/zonaroja.com.mx\/index.php?rest_route=\/wp\/v2\/posts\/57992\/revisions\/57993"}],"wp:featuredmedia":[{"embeddable":true,"href":"https:\/\/zonaroja.com.mx\/index.php?rest_route=\/wp\/v2\/media\/38093"}],"wp:attachment":[{"href":"https:\/\/zonaroja.com.mx\/index.php?rest_route=%2Fwp%2Fv2%2Fmedia&parent=57992"}],"wp:term":[{"taxonomy":"category","embeddable":true,"href":"https:\/\/zonaroja.com.mx\/index.php?rest_route=%2Fwp%2Fv2%2Fcategories&post=57992"},{"taxonomy":"post_tag","embeddable":true,"href":"https:\/\/zonaroja.com.mx\/index.php?rest_route=%2Fwp%2Fv2%2Ftags&post=57992"}],"curies":[{"name":"wp","href":"https:\/\/api.w.org\/{rel}","templated":true}]}}