{"id":57994,"date":"2023-07-26T20:27:35","date_gmt":"2023-07-27T01:27:35","guid":{"rendered":"http:\/\/www.zonaroja.com.mx\/?p=57994"},"modified":"2023-07-26T20:27:37","modified_gmt":"2023-07-27T01:27:37","slug":"denuncian-acoso-y-hostigamiento-sexual-en-la-secundaria-moises-saenz-de-la-capital","status":"publish","type":"post","link":"https:\/\/zonaroja.com.mx\/?p=57994","title":{"rendered":"Denuncian acoso y hostigamiento sexual en la secundaria \u201cMois\u00e9s S\u00e1enz\u201d de la capital"},"content":{"rendered":"\n<p>Yuridiana Sosa\/Zona Roja.<\/p>\n\n\n\n<p>Oaxaca de Ju\u00e1rez, Oax., a 26 de julio de 2023.- Luego de varios meses de impunidad y por lo que tuvo que abandonar el plantel, una ex alumna que se identific\u00f3 como Vanessa, de 14 a\u00f1os de edad, denunci\u00f3 actos de acoso y hostigamiento de alumnos y docentes de la Escuela Secundaria General \u201cMois\u00e9s S\u00e1enz Garza\u201d, de la capital de Oaxaca.<\/p>\n\n\n\n<p>La adolescente, quien denunci\u00f3 de forma p\u00fablica estos hechos, a trav\u00e9s de Radio Universidad, se\u00f1al\u00f3 que pese a los diferentes reportes por parte de ella y un grupo de alumnas que fueron v\u00edctimas de sus compa\u00f1eros y maestros, la parte directiva de la instituci\u00f3n no actu\u00f3 contra los responsables, siendo c\u00f3mplices de estos actos que se fueron agravando.<\/p>\n\n\n\n<p>La violencia sexual que sufren las alumnas proviene de estudiantes varones que crearon grupos de WhatsApp para compartir fotograf\u00edas \u00edntimas de sus compa\u00f1eras, a quienes incluso amenazaban; as\u00ed como de profesores que se val\u00edan de su posici\u00f3n y quienes en ocasiones han logrado sostener relaciones amorosas con las estudiantes.<\/p>\n\n\n\n<p>A pocos meses de iniciado el curso que culmin\u00f3, Vanessa, del turno vespertino, comenz\u00f3 a ser v\u00edctima de acoso y hostigamiento, pero su reporte fue minimizado por el personal, entre este se encuentra la asesora y docente Susana V\u00e1squez Flores.<\/p>\n\n\n\n<p>Lo que sufr\u00eda ella y algunas otras alumnas no era motivo ni de un reporte en trabajo social, indic\u00f3 la joven, quien para noviembre comenz\u00f3 a vivir con m\u00e1s frecuencia e intensidad dichas violaciones a su integridad y en marzo el problema fue mayor.<\/p>\n\n\n\n<p>\u201cNo voy a callar porque hay m\u00e1s ni\u00f1as que se quedan y habr\u00e1 nuevas por ingresar. Lo que pasa no es agradable y las autoridades de la instituci\u00f3n no han hecho nada para arreglarlo\u201d, indic\u00f3 la adolescente en entrevista.<\/p>\n\n\n\n<p>Las denuncias de las alumnas v\u00edctimas, dijo, fueron en escala, pero ni la subdirectora, Alejandra Pablo Montes atendi\u00f3 el problema. Lo mismo ocurri\u00f3 con la direcci\u00f3n escolar, que primero s\u00f3lo levant\u00f3 un reporte a los alumnos y con el paso del tiempo, al seguir los abusos, s\u00f3lo prometi\u00f3 soluci\u00f3n con una pl\u00e1tica \u201cde hombre a hombres\u201d.<\/p>\n\n\n\n<p>Hasta finalizar el curso, la instituci\u00f3n prefiri\u00f3 no actuar, e incluso advirti\u00f3 que el asunto se abordar\u00eda de manera interna, sin que ninguna otra autoridad interviniera.<\/p>\n\n\n\n<p>\u201cNos queremos sentir seguras en ese espacio y nos dieron la espalda. Nos trataron mal. Nos queremos sentir seguras en ese espacio donde pasamos gran parte de nuestros d\u00edas\u201d, expres\u00f3 Vanessa, quien decidi\u00f3 darse de baja en ese plantel para evitar mayores afectaciones a su persona.<\/p>\n","protected":false},"excerpt":{"rendered":"<p>Yuridiana Sosa\/Zona Roja. Oaxaca de Ju\u00e1rez, Oax., a 26 de julio de 2023.- Luego de&hellip;<\/p>\n","protected":false},"author":2,"featured_media":57995,"comment_status":"closed","ping_status":"open","sticky":false,"template":"","format":"standard","meta":{"_lmt_disableupdate":"","_lmt_disable":"","_jetpack_memberships_contains_paid_content":false,"footnotes":""},"categories":[109,47],"tags":[1310],"class_list":["post-57994","post","type-post","status-publish","format-standard","has-post-thumbnail","hentry","category-minuto-a-minuto","category-zona-gris","tag-delitos-sexuales-en-oaxaca"],"jetpack_featured_media_url":"https:\/\/zonaroja.com.mx\/wp-content\/uploads\/2023\/07\/Secundaria-Moises-Saenz-Garza.jpeg","jetpack_sharing_enabled":true,"_links":{"self":[{"href":"https:\/\/zonaroja.com.mx\/index.php?rest_route=\/wp\/v2\/posts\/57994","targetHints":{"allow":["GET"]}}],"collection":[{"href":"https:\/\/zonaroja.com.mx\/index.php?rest_route=\/wp\/v2\/posts"}],"about":[{"href":"https:\/\/zonaroja.com.mx\/index.php?rest_route=\/wp\/v2\/types\/post"}],"author":[{"embeddable":true,"href":"https:\/\/zonaroja.com.mx\/index.php?rest_route=\/wp\/v2\/users\/2"}],"replies":[{"embeddable":true,"href":"https:\/\/zonaroja.com.mx\/index.php?rest_route=%2Fwp%2Fv2%2Fcomments&post=57994"}],"version-history":[{"count":1,"href":"https:\/\/zonaroja.com.mx\/index.php?rest_route=\/wp\/v2\/posts\/57994\/revisions"}],"predecessor-version":[{"id":57996,"href":"https:\/\/zonaroja.com.mx\/index.php?rest_route=\/wp\/v2\/posts\/57994\/revisions\/57996"}],"wp:featuredmedia":[{"embeddable":true,"href":"https:\/\/zonaroja.com.mx\/index.php?rest_route=\/wp\/v2\/media\/57995"}],"wp:attachment":[{"href":"https:\/\/zonaroja.com.mx\/index.php?rest_route=%2Fwp%2Fv2%2Fmedia&parent=57994"}],"wp:term":[{"taxonomy":"category","embeddable":true,"href":"https:\/\/zonaroja.com.mx\/index.php?rest_route=%2Fwp%2Fv2%2Fcategories&post=57994"},{"taxonomy":"post_tag","embeddable":true,"href":"https:\/\/zonaroja.com.mx\/index.php?rest_route=%2Fwp%2Fv2%2Ftags&post=57994"}],"curies":[{"name":"wp","href":"https:\/\/api.w.org\/{rel}","templated":true}]}}