{"id":57997,"date":"2023-07-26T21:20:56","date_gmt":"2023-07-27T02:20:56","guid":{"rendered":"http:\/\/www.zonaroja.com.mx\/?p=57997"},"modified":"2023-07-26T21:21:00","modified_gmt":"2023-07-27T02:21:00","slug":"viven-chimalapas-y-gobierno-tensa-relacion-detenidas-las-mesas-de-dialogo","status":"publish","type":"post","link":"https:\/\/zonaroja.com.mx\/?p=57997","title":{"rendered":"Viven Chimalapas y gobierno tensa relaci\u00f3n; detenidas las mesas de di\u00e1logo"},"content":{"rendered":"\n<p>Yuridiana Sosa\/Zona Roja.<\/p>\n\n\n\n<p>Oaxaca de Ju\u00e1rez, Oax., a 26 de julio de 2023.- Los pueblos de Santa Mar\u00eda y San Miguel Chimalapas volvieron a romper su relaci\u00f3n pol\u00edtica con el gobierno de Oaxaca luego que el mandatario Salom\u00f3n Jara Cruz expres\u00f3 que \u201crecapacitaron\u201d en dejar a su asesor V\u00edctor Hugo Alejo Torres por ser \u201cmuy malo\u201d.<\/p>\n\n\n\n<p>En entrevista con ZONA ROJA, integrantes de la comunidad Zoque-Chimalapa, manifestaron como una falta de respeto y subestimaci\u00f3n del mandatario a las decisiones que han tomado para solucionar sus conflictos agrarios y de l\u00edmites de tierras con Chiapas, por lo consideraron que no existen las condiciones para entablar una mesa de di\u00e1logo con el gobierno del estado.<\/p>\n\n\n\n<p>Tras las declaraciones del gobernador en su conferencia del 18 de julio, Santa Mar\u00eda y San Miguel Chimalapa decidieron \u201cplantar\u201d al gobierno de Oaxaca y a representantes del gobierno de M\u00e9xico, entre ellos de la Secretar\u00eda de Gobernaci\u00f3n, en la reuni\u00f3n programada para el 19 de junio en Palacio de Gobierno en la capital oaxaque\u00f1a.<\/p>\n\n\n\n<p>\u201cTuvieron que recapacitar, ten\u00edan un asesor muy malo y lo sigo diciendo, muy malo. Y que bueno que me escucharon. Parece que ya lo hicieron a un lado y estamos muy contentos porque ahora vamos a reencauzar el proceso para continuar con la delimitaci\u00f3n entre los estados de Chiapas y Oaxaca\u201d, expres\u00f3 Jara Cruz la semana pasada.<\/p>\n\n\n\n<p>Los Chimalapas aseguraron que V\u00edctor Hugo Alejo Torres sigue siendo su abogado, y ante el posicionamiento del gobernador, el pueblo decidi\u00f3 que s\u00f3lo se llevar\u00e1n a cabo procesos ante el gobierno federal.<\/p>\n\n\n\n<p>Pues tambi\u00e9n consideraron que el gobierno de Oaxaca trata de manipular el tema agrario.<\/p>\n\n\n\n<p>OTRAS PETICIONES<\/p>\n\n\n\n<p>Entre otros procedimientos que la comunidad de Santa Mar\u00eda y San Miguel Chimalapa realizan ante el gobierno de M\u00e9xico es para que m\u00e1s de 45 mil hect\u00e1reas de \u00e1reas verdes recuperadas sean catalogadas por la Comisi\u00f3n Nacional de \u00c1reas Naturales Protegidas (Conanp), como \u00c1reas Destinadas Voluntariamente a la Conservaci\u00f3n.<\/p>\n\n\n\n<p>De esta forma la comunidad podr\u00e1 seguir su influencia sobres ese espacio, por lo que rechazan la propuesta de que dicha \u00e1rea sea catalogada como reservas naturales por la federaci\u00f3n.&nbsp;<\/p>\n","protected":false},"excerpt":{"rendered":"<p>Yuridiana Sosa\/Zona Roja. Oaxaca de Ju\u00e1rez, Oax., a 26 de julio de 2023.- Los pueblos&hellip;<\/p>\n","protected":false},"author":2,"featured_media":34063,"comment_status":"closed","ping_status":"open","sticky":false,"template":"","format":"standard","meta":{"_lmt_disableupdate":"","_lmt_disable":"","_jetpack_memberships_contains_paid_content":false,"footnotes":""},"categories":[109,47],"tags":[2949],"class_list":["post-57997","post","type-post","status-publish","format-standard","has-post-thumbnail","hentry","category-minuto-a-minuto","category-zona-gris","tag-controversia-constitucional-chimalapas"],"jetpack_featured_media_url":"https:\/\/zonaroja.com.mx\/wp-content\/uploads\/2021\/11\/Chimalapas-2.jpg","jetpack_sharing_enabled":true,"_links":{"self":[{"href":"https:\/\/zonaroja.com.mx\/index.php?rest_route=\/wp\/v2\/posts\/57997","targetHints":{"allow":["GET"]}}],"collection":[{"href":"https:\/\/zonaroja.com.mx\/index.php?rest_route=\/wp\/v2\/posts"}],"about":[{"href":"https:\/\/zonaroja.com.mx\/index.php?rest_route=\/wp\/v2\/types\/post"}],"author":[{"embeddable":true,"href":"https:\/\/zonaroja.com.mx\/index.php?rest_route=\/wp\/v2\/users\/2"}],"replies":[{"embeddable":true,"href":"https:\/\/zonaroja.com.mx\/index.php?rest_route=%2Fwp%2Fv2%2Fcomments&post=57997"}],"version-history":[{"count":1,"href":"https:\/\/zonaroja.com.mx\/index.php?rest_route=\/wp\/v2\/posts\/57997\/revisions"}],"predecessor-version":[{"id":57998,"href":"https:\/\/zonaroja.com.mx\/index.php?rest_route=\/wp\/v2\/posts\/57997\/revisions\/57998"}],"wp:featuredmedia":[{"embeddable":true,"href":"https:\/\/zonaroja.com.mx\/index.php?rest_route=\/wp\/v2\/media\/34063"}],"wp:attachment":[{"href":"https:\/\/zonaroja.com.mx\/index.php?rest_route=%2Fwp%2Fv2%2Fmedia&parent=57997"}],"wp:term":[{"taxonomy":"category","embeddable":true,"href":"https:\/\/zonaroja.com.mx\/index.php?rest_route=%2Fwp%2Fv2%2Fcategories&post=57997"},{"taxonomy":"post_tag","embeddable":true,"href":"https:\/\/zonaroja.com.mx\/index.php?rest_route=%2Fwp%2Fv2%2Ftags&post=57997"}],"curies":[{"name":"wp","href":"https:\/\/api.w.org\/{rel}","templated":true}]}}