{"id":57999,"date":"2023-07-26T21:37:21","date_gmt":"2023-07-27T02:37:21","guid":{"rendered":"http:\/\/www.zonaroja.com.mx\/?p=57999"},"modified":"2023-07-26T21:37:26","modified_gmt":"2023-07-27T02:37:26","slug":"policia-municipal-ataca-e-intenta-asesinar-a-mujer-triqui-de-oaxaca","status":"publish","type":"post","link":"https:\/\/zonaroja.com.mx\/?p=57999","title":{"rendered":"Polic\u00eda municipal ataca e intenta asesinar a mujer Triqui de Oaxaca"},"content":{"rendered":"\n<p>Redacci\u00f3n\/Zona Roja.<\/p>\n\n\n\n<p>Oaxaca de Ju\u00e1rez, Oax., a 26 de julio de 2023.- Un elemento de la polic\u00eda municipal de Putla Villa de Guerrero, municipio de la regi\u00f3n Sierra Sur de Oaxaca, atac\u00f3 e intent\u00f3 asesinar a una ind\u00edgena de la etnia Triqui.<\/p>\n\n\n\n<p>Los hechos sucedieron ayer por la tarde en el centro de dicha ciudad cuando la se\u00f1ora Florencia H. R. y su hija Daniela, originarias de San Isidro del estado, Putla, se encontraban en la sede local de la Fiscal\u00eda General del Estado para presentar una denuncia por delitos de lesiones y amenazas.<\/p>\n\n\n\n<p>Sin embargo, en ese momento se le abalanz\u00f3 el polic\u00eda Juli\u00e1n Franco Mendoza P\u00e9rez y la atac\u00f3 con un arma punzocortante, lo que le provoc\u00f3 varias lesiones, por lo cual la mujer fue trasladada a un hospital.<\/p>\n\n\n\n<p>Un elemento de la Polic\u00eda Estatal logr\u00f3 detener al uniformado local pero, de acuerdo con la denuncia de los familiares de la v\u00edctima, no lo quer\u00eda poner a disposici\u00f3n del Ministerio P\u00fablico.<\/p>\n\n\n\n<p>Asimismo, se\u00f1alaron que la autoridad municipal de Putla protege al atacante, por lo cual demandaron a la Fiscal\u00eda General intervenci\u00f3n inmediata.<\/p>\n\n\n\n<p>HALLAN CUERPO DE DESAPARECIDO<\/p>\n\n\n\n<p>Por otra parte, en jurisdicci\u00f3n de San Blas Atempa, municipio de la regi\u00f3n del Istmo, fue localizado el cuerpo sin vida de un joven identificado como Fredy Crisp\u00edn, quien hab\u00eda sido reportado como desaparecido hace cuatro d\u00edas.<\/p>\n\n\n\n<p>Personal de la Vicefiscal\u00eda Regional del Istmo inici\u00f3 con las indagatorias correspondientes, con la finalidad de indagar las causas del fallecimiento.<\/p>\n","protected":false},"excerpt":{"rendered":"<p>Redacci\u00f3n\/Zona Roja. Oaxaca de Ju\u00e1rez, Oax., a 26 de julio de 2023.- Un elemento de&hellip;<\/p>\n","protected":false},"author":2,"featured_media":58000,"comment_status":"closed","ping_status":"open","sticky":false,"template":"","format":"standard","meta":{"_lmt_disableupdate":"","_lmt_disable":"","_jetpack_memberships_contains_paid_content":false,"footnotes":""},"categories":[109,47],"tags":[969],"class_list":["post-57999","post","type-post","status-publish","format-standard","has-post-thumbnail","hentry","category-minuto-a-minuto","category-zona-gris","tag-putla-villa-de-guerrero"],"jetpack_featured_media_url":"https:\/\/zonaroja.com.mx\/wp-content\/uploads\/2023\/07\/Intenta-matar-a-indigena-triqui-en-Putla.jpg","jetpack_sharing_enabled":true,"_links":{"self":[{"href":"https:\/\/zonaroja.com.mx\/index.php?rest_route=\/wp\/v2\/posts\/57999","targetHints":{"allow":["GET"]}}],"collection":[{"href":"https:\/\/zonaroja.com.mx\/index.php?rest_route=\/wp\/v2\/posts"}],"about":[{"href":"https:\/\/zonaroja.com.mx\/index.php?rest_route=\/wp\/v2\/types\/post"}],"author":[{"embeddable":true,"href":"https:\/\/zonaroja.com.mx\/index.php?rest_route=\/wp\/v2\/users\/2"}],"replies":[{"embeddable":true,"href":"https:\/\/zonaroja.com.mx\/index.php?rest_route=%2Fwp%2Fv2%2Fcomments&post=57999"}],"version-history":[{"count":1,"href":"https:\/\/zonaroja.com.mx\/index.php?rest_route=\/wp\/v2\/posts\/57999\/revisions"}],"predecessor-version":[{"id":58001,"href":"https:\/\/zonaroja.com.mx\/index.php?rest_route=\/wp\/v2\/posts\/57999\/revisions\/58001"}],"wp:featuredmedia":[{"embeddable":true,"href":"https:\/\/zonaroja.com.mx\/index.php?rest_route=\/wp\/v2\/media\/58000"}],"wp:attachment":[{"href":"https:\/\/zonaroja.com.mx\/index.php?rest_route=%2Fwp%2Fv2%2Fmedia&parent=57999"}],"wp:term":[{"taxonomy":"category","embeddable":true,"href":"https:\/\/zonaroja.com.mx\/index.php?rest_route=%2Fwp%2Fv2%2Fcategories&post=57999"},{"taxonomy":"post_tag","embeddable":true,"href":"https:\/\/zonaroja.com.mx\/index.php?rest_route=%2Fwp%2Fv2%2Ftags&post=57999"}],"curies":[{"name":"wp","href":"https:\/\/api.w.org\/{rel}","templated":true}]}}