{"id":5800,"date":"2019-11-16T17:12:33","date_gmt":"2019-11-16T23:12:33","guid":{"rendered":"http:\/\/www.zonaroja.com.mx\/?p=5800"},"modified":"2019-11-16T17:15:55","modified_gmt":"2019-11-16T23:15:55","slug":"exige-organismos-internacionales-de-derechos-liberar-integrante-de-codedi","status":"publish","type":"post","link":"https:\/\/zonaroja.com.mx\/?p=5800","title":{"rendered":"Exigen organismos internacionales de derechos, liberar integrante de Codedi"},"content":{"rendered":"\n<p>Evlin Arag\u00f3n\/Zona Roja.<\/p>\n\n\n\n<p>Oaxaca de Ju\u00e1rez, Oax., 16 de noviembre\nde 2019.- El Observatorio para la Protecci\u00f3n de los Defensores de Derechos\nHumanos, programa conjunto de la Organizaci\u00f3n Mundial Contra la Tortura (OMCT)\ny de la FIDH &#8211;International Federation for Human Rights&#8211;,&nbsp; denunci\u00f3 la criminalizaci\u00f3n del defensor de\nderechos humanos Fredy Garc\u00eda Ram\u00edrez, detenido arbitrariamente desde el pasado\n6 de noviembre.<\/p>\n\n\n\n<p>Lo anterior a trav\u00e9s de un documento en\nel que mostr\u00f3 su preocupaci\u00f3n por la persistencia del patr\u00f3n de criminalizaci\u00f3n\ncontra las personas defensoras de derechos humanos para acallar sus voces,\nparticularmente contra aquellas personas que defienden el derecho a la tierra y\nel territorio como lo hacen integrantes del Comit\u00e9 de Defensa de los pueblos\nInd\u00edgenas (Codedi).<\/p>\n\n\n\n<p>\u201cEste patr\u00f3n de criminalizaci\u00f3n,\nparticularmente en el estado de Oaxaca, ha sido corroborado por el propio Grupo\nde Trabajo que, en los \u00faltimos a\u00f1os, ha emitido ocho Opiniones en las que ha\ndeclarado la detenci\u00f3n arbitraria de 32 personas en M\u00e9xico y ha exigido su\nliberaci\u00f3n inmediata\u201d, cita en el documento difundido.<\/p>\n\n\n\n<p>Explic\u00f3 que existen una serie de irregularidades\nen la detenci\u00f3n del activista por parte de la Fiscal\u00eda General del Estado, la\ncual se dio de forma violenta y sin reparo en sus derechos humanos,\nimpidi\u00e9ndole incluso la comunicaci\u00f3n durante ocho horas en las que no se tuvo\nconocimiento de su paradero, hasta que las propias autoridades dieron\ninformaci\u00f3n sobre su detenci\u00f3n.<\/p>\n\n\n\n<p>Posteriormente en su audiencia de\ncomunicaci\u00f3n de imputaci\u00f3n celebrada el 12 de noviembre, el juzgado emiti\u00f3 un\nfallo vincul\u00e1ndolo a proceso y dictando prisi\u00f3n preventiva oficiosa durante el\nmismo por los delitos de asalto, robo y lesiones, sin que se garantice la\nrevisi\u00f3n de la medida cautelar impuesta. <\/p>\n\n\n\n<p>El Observatorio destaca que no se trata\nde un incidente aislado, sino que se enmarca en un patr\u00f3n de ataques\nsistem\u00e1ticos en contra del Codedi en los \u00faltimos 21 meses, incluyendo cinco\nasesinatos, dos intentos de asesinato, seis detenciones arbitrarias, tres\nincidentes de allanamiento y robo, as\u00ed como amenazas permanentes y la\nmilitarizaci\u00f3n de la zona en la que tiene presencia la organizaci\u00f3n.<\/p>\n\n\n\n<p>Dicha campa\u00f1a de ataques que se\nmantiene en total impunidad ha generado preocupaci\u00f3n no solo entre las\norganizaciones de la sociedad civil, sino que relatores de la ONU emitieron una\ncomunicaci\u00f3n desde octubre del 2018.<\/p>\n\n\n\n<p>\u201cEl Observatorio repudia la campa\u00f1a de\nataques contra Codedi y solicita a las autoridades oaxaque\u00f1as y mexicanas que\nponga fin a la detenci\u00f3n arbitraria del Sr. Fredy Garc\u00eda Ram\u00edrez, as\u00ed como a\ntodo hostigamiento en su contra, incluyendo a nivel judicial\u201d, afirman en su\ndocumento.<\/p>\n\n\n\n<p>La instancia de derechos humanos exigi\u00f3\na las autoridades estatales poner fin a su detenci\u00f3n as\u00ed como a todo tipo de\nhostigamiento en su contra, incluyendo el hostigamiento judicial, as\u00ed como\nasegurar garant\u00edas para todas las personas defensoras de derechos humanos en\nOaxaca y en el resto de M\u00e9xico.<\/p>\n","protected":false},"excerpt":{"rendered":"<p>Evlin Arag\u00f3n\/Zona Roja. Oaxaca de Ju\u00e1rez, Oax., 16 de noviembre de 2019.- El Observatorio para&hellip;<\/p>\n","protected":false},"author":2,"featured_media":5504,"comment_status":"closed","ping_status":"open","sticky":false,"template":"","format":"standard","meta":{"_lmt_disableupdate":"","_lmt_disable":"","_jetpack_memberships_contains_paid_content":false,"footnotes":""},"categories":[109],"tags":[],"class_list":["post-5800","post","type-post","status-publish","format-standard","has-post-thumbnail","hentry","category-minuto-a-minuto"],"jetpack_featured_media_url":"https:\/\/zonaroja.com.mx\/wp-content\/uploads\/2019\/11\/Fredy-Garc\u00eda-Ram\u00edrez.jpg","jetpack_sharing_enabled":true,"_links":{"self":[{"href":"https:\/\/zonaroja.com.mx\/index.php?rest_route=\/wp\/v2\/posts\/5800","targetHints":{"allow":["GET"]}}],"collection":[{"href":"https:\/\/zonaroja.com.mx\/index.php?rest_route=\/wp\/v2\/posts"}],"about":[{"href":"https:\/\/zonaroja.com.mx\/index.php?rest_route=\/wp\/v2\/types\/post"}],"author":[{"embeddable":true,"href":"https:\/\/zonaroja.com.mx\/index.php?rest_route=\/wp\/v2\/users\/2"}],"replies":[{"embeddable":true,"href":"https:\/\/zonaroja.com.mx\/index.php?rest_route=%2Fwp%2Fv2%2Fcomments&post=5800"}],"version-history":[{"count":2,"href":"https:\/\/zonaroja.com.mx\/index.php?rest_route=\/wp\/v2\/posts\/5800\/revisions"}],"predecessor-version":[{"id":5802,"href":"https:\/\/zonaroja.com.mx\/index.php?rest_route=\/wp\/v2\/posts\/5800\/revisions\/5802"}],"wp:featuredmedia":[{"embeddable":true,"href":"https:\/\/zonaroja.com.mx\/index.php?rest_route=\/wp\/v2\/media\/5504"}],"wp:attachment":[{"href":"https:\/\/zonaroja.com.mx\/index.php?rest_route=%2Fwp%2Fv2%2Fmedia&parent=5800"}],"wp:term":[{"taxonomy":"category","embeddable":true,"href":"https:\/\/zonaroja.com.mx\/index.php?rest_route=%2Fwp%2Fv2%2Fcategories&post=5800"},{"taxonomy":"post_tag","embeddable":true,"href":"https:\/\/zonaroja.com.mx\/index.php?rest_route=%2Fwp%2Fv2%2Ftags&post=5800"}],"curies":[{"name":"wp","href":"https:\/\/api.w.org\/{rel}","templated":true}]}}