{"id":58002,"date":"2023-07-26T22:11:44","date_gmt":"2023-07-27T03:11:44","guid":{"rendered":"http:\/\/www.zonaroja.com.mx\/?p=58002"},"modified":"2023-07-26T22:11:47","modified_gmt":"2023-07-27T03:11:47","slug":"sentencian-a-210-anos-de-prision-a-sujetos-que-asesinaron-a-policias-de-oaxaca","status":"publish","type":"post","link":"https:\/\/zonaroja.com.mx\/?p=58002","title":{"rendered":"Sentencian a 210 a\u00f1os de prisi\u00f3n a sujetos que asesinaron a polic\u00edas de Oaxaca"},"content":{"rendered":"\n<p>Redacci\u00f3n\/Zona Roja.&nbsp;<\/p>\n\n\n\n<p>Oaxaca de Ju\u00e1rez, Oax., a 26 de julio de 2023.-&nbsp;La Fiscal\u00eda General del Estado de Oaxaca (FGEO) obtuvo una sentencia condenatoria de 210 a\u00f1os de prisi\u00f3n en contra de cuatro personas del sexo masculino, por su responsabilidad en la comisi\u00f3n de los delitos de Homicidio Calificado y Tentativa de Homicidio, en agravio de elementos activos de la Polic\u00eda Municipal de San Francisco del Mar, a los que se suma el de Da\u00f1os por Incendio.<\/p>\n\n\n\n<p>Esta sentencia se obtuvo como resultado del trabajo realizado por la Vicefiscal\u00eda Regional del Istmo, en torno a los hechos ocurridos el 4 de julio de 2022, cuando una patrulla de la polic\u00eda municipal realizaba recorridos de vigilancia por calles del municipio de San Francisco del Mar.<\/p>\n\n\n\n<p>Repentinamente, los uniformados fueron interceptados por un grupo de ciudadanos, quienes los retuvieron y trasladaron -junto con la patrulla- al paraje conocido como Playa Vicente, donde dispararon contra los polic\u00edas.<\/p>\n\n\n\n<p>A consecuencia de esta agresi\u00f3n, perdieron la vida los elementos identificados por las iniciales J. V. M., R. I. J. P. y A. G. J.; mientras que E. V. O. result\u00f3 con lesiones provocadas por arma de fuego.&nbsp;<\/p>\n\n\n\n<p>En tanto que, los sentenciados se llevaron la patrulla hasta la carretera estatal que conduce de San Francisco del Mar a Puerto Estero, en donde le prendieron fuego, provocando que la unidad de motor quedara calcinada.<\/p>\n\n\n\n<p>Ante estos hechos, la Vicefiscal\u00eda Regional del Istmo tom\u00f3 conocimiento del caso e intervino a trav\u00e9s del \u00e1rea de Alto Impacto, la cual realiz\u00f3 las investigaciones que permitieron procesar a cuatro imputados.<\/p>\n\n\n\n<p>Tras presentar las pruebas suficientes ante el Juez que atiende la causa, \u00e9ste dict\u00f3 sentencia condenatoria contra A.F.N., C.F.N., J.G.G. y F.O.M.R., imponiendo la pena de 210 a\u00f1os de prisi\u00f3n, adem\u00e1s del pago superior a un mill\u00f3n 443 mil pesos por concepto de reparaci\u00f3n del da\u00f1o.<\/p>\n\n\n\n<p>La Fiscal\u00eda de Oaxaca pone especial atenci\u00f3n en la investigaci\u00f3n de delitos que ponen en riesgo la paz social en las diferentes regiones del estado, para garantizar la seguridad de la ciudadan\u00eda.<\/p>\n\n\n\n<p>VINCULADO A PROCESO<\/p>\n\n\n\n<p>En otro caso, la Fiscal\u00eda General del Estado de Oaxaca (FGEO) obtuvo auto de vinculaci\u00f3n a proceso contra tres personas del sexo masculino, por los delitos de Feminicidio Agravado en Grado de Tentativa y Homicidio Calificado en Grado de Tentativa, en contra de E.P.S., A.P.S y A.P.S,&nbsp; hechos ocurridos en el municipio de San Mart\u00edn de los Cansecos, en agravio de la v\u00edctima de iniciales M.G.P.<\/p>\n\n\n\n<p>De acuerdo con la causa penal 754\/2023, los hechos ocurrieron dentro de un domicilio particular localizado en la colonia Benito Ju\u00e1rez, donde la v\u00edctima sufri\u00f3 una agresi\u00f3n que puso en riesgo su vida.<\/p>\n\n\n\n<p>Ante estos hechos y tras la denuncia presentada, la Instituci\u00f3n de Procuraci\u00f3n de Justicia, inici\u00f3 una exhaustiva investigaci\u00f3n, a trav\u00e9s de la Fiscal\u00eda Especializada en Atenci\u00f3n a Delitos contra la Mujer por Raz\u00f3n de G\u00e9nero.<\/p>\n\n\n\n<p>Derivado de lo anterior, los imputados fueron aprehendidos por elementos de la Agencia Estatal de Investigaci\u00f3n (AEI) de Ejutla de Crespo, por lo que enseguida fueron presentados ante la autoridad judicial que los requiri\u00f3.<\/p>\n\n\n\n<p>En audiencia, el Juez de Control dict\u00f3 Auto de Vinculaci\u00f3n a proceso en contra de E.P.S., A.P.S y A.P.S. imponiendo la medida cautelar de prisi\u00f3n preventiva justificada y otorgando cuatro meses para el cierre de investigaci\u00f3n complementaria.<\/p>\n\n\n\n<p>La Fiscal\u00eda General reitera en los hechos, su compromiso de llevar ante la Justicia a todo aquel que vulnere los derechos y la integridad de ni\u00f1as, ni\u00f1os, adolescentes y mujeres.<\/p>\n","protected":false},"excerpt":{"rendered":"<p>Redacci\u00f3n\/Zona Roja.&nbsp; Oaxaca de Ju\u00e1rez, Oax., a 26 de julio de 2023.-&nbsp;La Fiscal\u00eda General del&hellip;<\/p>\n","protected":false},"author":2,"featured_media":58003,"comment_status":"closed","ping_status":"open","sticky":false,"template":"","format":"standard","meta":{"_lmt_disableupdate":"","_lmt_disable":"","_jetpack_memberships_contains_paid_content":false,"footnotes":""},"categories":[109,46],"tags":[494],"class_list":["post-58002","post","type-post","status-publish","format-standard","has-post-thumbnail","hentry","category-minuto-a-minuto","category-zona-blanca","tag-fiscalia-general-del-estado-de-oaxaca"],"jetpack_featured_media_url":"https:\/\/zonaroja.com.mx\/wp-content\/uploads\/2023\/07\/Patrulla-incendiada-San-Francisco-del-Mar.jpeg","jetpack_sharing_enabled":true,"_links":{"self":[{"href":"https:\/\/zonaroja.com.mx\/index.php?rest_route=\/wp\/v2\/posts\/58002","targetHints":{"allow":["GET"]}}],"collection":[{"href":"https:\/\/zonaroja.com.mx\/index.php?rest_route=\/wp\/v2\/posts"}],"about":[{"href":"https:\/\/zonaroja.com.mx\/index.php?rest_route=\/wp\/v2\/types\/post"}],"author":[{"embeddable":true,"href":"https:\/\/zonaroja.com.mx\/index.php?rest_route=\/wp\/v2\/users\/2"}],"replies":[{"embeddable":true,"href":"https:\/\/zonaroja.com.mx\/index.php?rest_route=%2Fwp%2Fv2%2Fcomments&post=58002"}],"version-history":[{"count":1,"href":"https:\/\/zonaroja.com.mx\/index.php?rest_route=\/wp\/v2\/posts\/58002\/revisions"}],"predecessor-version":[{"id":58004,"href":"https:\/\/zonaroja.com.mx\/index.php?rest_route=\/wp\/v2\/posts\/58002\/revisions\/58004"}],"wp:featuredmedia":[{"embeddable":true,"href":"https:\/\/zonaroja.com.mx\/index.php?rest_route=\/wp\/v2\/media\/58003"}],"wp:attachment":[{"href":"https:\/\/zonaroja.com.mx\/index.php?rest_route=%2Fwp%2Fv2%2Fmedia&parent=58002"}],"wp:term":[{"taxonomy":"category","embeddable":true,"href":"https:\/\/zonaroja.com.mx\/index.php?rest_route=%2Fwp%2Fv2%2Fcategories&post=58002"},{"taxonomy":"post_tag","embeddable":true,"href":"https:\/\/zonaroja.com.mx\/index.php?rest_route=%2Fwp%2Fv2%2Ftags&post=58002"}],"curies":[{"name":"wp","href":"https:\/\/api.w.org\/{rel}","templated":true}]}}