{"id":58005,"date":"2023-07-26T22:32:27","date_gmt":"2023-07-27T03:32:27","guid":{"rendered":"http:\/\/www.zonaroja.com.mx\/?p=58005"},"modified":"2023-07-26T22:32:34","modified_gmt":"2023-07-27T03:32:34","slug":"plantea-diputada-nulidad-de-elecciones-ante-casos-de-violencia-de-genero-contra-mujeres","status":"publish","type":"post","link":"https:\/\/zonaroja.com.mx\/?p=58005","title":{"rendered":"Plantea diputada nulidad de elecciones ante casos de\u00a0violencia de g\u00e9nero contra mujeres"},"content":{"rendered":"\n<p>Redacci\u00f3n\/Zona Roja.<\/p>\n\n\n\n<p>Oaxaca de Ju\u00e1rez, Oax., 26 de julio de 2023.-&nbsp;La diputada local Mariana Ben\u00edtez Tiburcio, propuso reformar la Ley del Sistema de Medios de Impugnaci\u00f3n en Materia Electoral y de Participaci\u00f3n Ciudadana del Estado,&nbsp;para garantizar elecciones libres de violencia pol\u00edtica y anular las elecciones cuando son afectadas por violencia pol\u00edtica contra las mujeres por razones de g\u00e9nero.&nbsp;<\/p>\n\n\n\n<p>\u201cLa violencia pol\u00edtica contra las mujeres en raz\u00f3n de g\u00e9nero no solo afecta a las candidatas directamente, sino que tambi\u00e9n impacta negativamente en nuestra sociedad en su conjunto. Cuando se restringe el acceso de las mujeres al \u00e1mbito pol\u00edtico, perdemos su valiosa perspectiva y experiencia que aportan\u201d, justific\u00f3.<\/p>\n\n\n\n<p>La legisladora oaxaque\u00f1a detall\u00f3 que, aunque la&nbsp;Constituci\u00f3n&nbsp;oaxaque\u00f1a establece la nulidad elecciones por violencia pol\u00edtica contra las mujeres en raz\u00f3n&nbsp;de g\u00e9nero,&nbsp;esta figura nunca ha sido utilizada a pesar de las 107 personas sancionadas en este rubro en la entidad, de un total de 342 en el pa\u00eds, seg\u00fan datos del registro del Instituto Nacional Electoral (INE).<\/p>\n\n\n\n<p>\u201cResulta necesario regular esta facultad en una ley reglamentaria y prever que se puedan anular las elecciones donde haya comprobado que existi\u00f3 violencia pol\u00edtica contra una mujer por raz\u00f3n de g\u00e9nero. Es prioritario garantizar que la violencia cometida en el anonimato no sea causa de impunidad\u201d, indic\u00f3.\u00a0<\/p>\n\n\n\n<figure class=\"wp-block-embed is-type-rich is-provider-twitter wp-block-embed-twitter\"><div class=\"wp-block-embed__wrapper\">\n<div class=\"twitter-tweet\"><blockquote class=\"twitter-tweet\" data-lang=\"es\"><p lang=\"es\" dir=\"ltr\">Durante la sesi\u00f3n ordinaria del <a href=\"https:\/\/twitter.com\/CongresoOaxaca_?ref_src=twsrc%5Etfw\">@CongresoOaxaca_<\/a>, la diputada <a href=\"https:\/\/twitter.com\/marianabenitezt?ref_src=twsrc%5Etfw\">@marianabenitezt<\/a> present\u00f3 una propuesta de reforma a la fracci\u00f3n III del art\u00edculo 77 de la Ley del Sistema de Medios de Impugnaci\u00f3n en Materia Electoral y de Participaci\u00f3n Ciudadana del Estado, para facultar al\u2026 <a href=\"https:\/\/t.co\/UcU5sCugSG\">pic.twitter.com\/UcU5sCugSG<\/a><\/p>&mdash; Zona Roja Oaxaca (@ZonaRoja_Oaxaca) <a href=\"https:\/\/twitter.com\/ZonaRoja_Oaxaca\/status\/1684301212244385793?ref_src=twsrc%5Etfw\">26 de julio de 2023<\/a><\/blockquote><\/div>\n<\/div><\/figure>\n\n\n\n<p>La diputada local, Mariana Ben\u00edtez Tiburcio explic\u00f3 que su propuesta contempla la adici\u00f3n de tres medidas que evitar\u00e1n que esta facultad sea utilizada indiscriminadamente por personas o grupos que a\u00fan sin posibilidades de ganar quieran entorpecer las elecciones para afectar a las mujeres, al Estado y la ciudadan\u00eda.&nbsp;<\/p>\n\n\n\n<p>\u201cEntre las consideraciones que se deber\u00e1n tomar en cuenta es la acreditaci\u00f3n de la conducta de violencia pol\u00edtica por raz\u00f3n de g\u00e9nero a\u00fan cuando no se pueda determinar su atribuibilidad, la cual deber\u00e1 dirigirse a la mujer que qued\u00f3 en segundo lugar en la contienda electoral y tendr\u00e1 que ser determinante en el resultado de la elecci\u00f3n\u201d, precis\u00f3.<\/p>\n\n\n\n<p>La congresista local pidi\u00f3 a las y los legisladores establecer medidas legislativas para evitar que las elecciones por violencia pol\u00edtica cometidas contra una candidata sean una constante en el pa\u00eds y en la entidad.<\/p>\n\n\n\n<p>\u201cEn los casos en que s\u00ed se pueda determinar qui\u00e9n cometi\u00f3 la conducta, opera una prevenci\u00f3n especial, contra la persona candidata que ejerza la violencia pues no podr\u00e1 beneficiarse de dicha infracci\u00f3n, ya que estar\u00e1 impedido para participar en la elecci\u00f3n extraordinaria\u201d, a\u00f1adi\u00f3.<\/p>\n\n\n\n<p>Finalmente, la diputada local hizo un llamado al Congreso oaxaque\u00f1o para luchar contra la violencia pol\u00edtica de g\u00e9nero y construir una sociedad m\u00e1s justa, inclusiva y libre de miedo. \u201cTodas y todos debemos comprometernos a crear un entorno donde las mujeres podamos ejercer nuestros derechos pol\u00edticos sin ser objeto de discriminaci\u00f3n o violencia\u201d, sostuvo.<\/p>\n","protected":false},"excerpt":{"rendered":"<p>Redacci\u00f3n\/Zona Roja. Oaxaca de Ju\u00e1rez, Oax., 26 de julio de 2023.-&nbsp;La diputada local Mariana Ben\u00edtez&hellip;<\/p>\n","protected":false},"author":2,"featured_media":58006,"comment_status":"closed","ping_status":"open","sticky":false,"template":"","format":"standard","meta":{"_lmt_disableupdate":"","_lmt_disable":"","_jetpack_memberships_contains_paid_content":false,"footnotes":""},"categories":[109,46],"tags":[2969],"class_list":["post-58005","post","type-post","status-publish","format-standard","has-post-thumbnail","hentry","category-minuto-a-minuto","category-zona-blanca","tag-mariana-benitez-tiburcio"],"jetpack_featured_media_url":"https:\/\/zonaroja.com.mx\/wp-content\/uploads\/2023\/07\/Diputada-Mariana-Benitez.jpg","jetpack_sharing_enabled":true,"_links":{"self":[{"href":"https:\/\/zonaroja.com.mx\/index.php?rest_route=\/wp\/v2\/posts\/58005","targetHints":{"allow":["GET"]}}],"collection":[{"href":"https:\/\/zonaroja.com.mx\/index.php?rest_route=\/wp\/v2\/posts"}],"about":[{"href":"https:\/\/zonaroja.com.mx\/index.php?rest_route=\/wp\/v2\/types\/post"}],"author":[{"embeddable":true,"href":"https:\/\/zonaroja.com.mx\/index.php?rest_route=\/wp\/v2\/users\/2"}],"replies":[{"embeddable":true,"href":"https:\/\/zonaroja.com.mx\/index.php?rest_route=%2Fwp%2Fv2%2Fcomments&post=58005"}],"version-history":[{"count":1,"href":"https:\/\/zonaroja.com.mx\/index.php?rest_route=\/wp\/v2\/posts\/58005\/revisions"}],"predecessor-version":[{"id":58007,"href":"https:\/\/zonaroja.com.mx\/index.php?rest_route=\/wp\/v2\/posts\/58005\/revisions\/58007"}],"wp:featuredmedia":[{"embeddable":true,"href":"https:\/\/zonaroja.com.mx\/index.php?rest_route=\/wp\/v2\/media\/58006"}],"wp:attachment":[{"href":"https:\/\/zonaroja.com.mx\/index.php?rest_route=%2Fwp%2Fv2%2Fmedia&parent=58005"}],"wp:term":[{"taxonomy":"category","embeddable":true,"href":"https:\/\/zonaroja.com.mx\/index.php?rest_route=%2Fwp%2Fv2%2Fcategories&post=58005"},{"taxonomy":"post_tag","embeddable":true,"href":"https:\/\/zonaroja.com.mx\/index.php?rest_route=%2Fwp%2Fv2%2Ftags&post=58005"}],"curies":[{"name":"wp","href":"https:\/\/api.w.org\/{rel}","templated":true}]}}