{"id":58008,"date":"2023-07-27T09:30:00","date_gmt":"2023-07-27T14:30:00","guid":{"rendered":"http:\/\/www.zonaroja.com.mx\/?p=58008"},"modified":"2023-07-27T08:00:58","modified_gmt":"2023-07-27T13:00:58","slug":"en-cateo-fiscalia-y-sedena-hallan-arsenal-en-domicilio-de-miahuatlan","status":"publish","type":"post","link":"https:\/\/zonaroja.com.mx\/?p=58008","title":{"rendered":"En cateo, Fiscal\u00eda y Sedena hallan arsenal en domicilio de Miahuatl\u00e1n"},"content":{"rendered":"\n<p>Redacci\u00f3n\/Zona Roja.<\/p>\n\n\n\n<p>Oaxaca de Ju\u00e1rez, Oax., a 27 de julio de 2023.-&nbsp; La Fiscal\u00eda General del Estado de Oaxaca (FGEO), a trav\u00e9s de la Agencia Estatal de Investigaciones (AEI), en coordinaci\u00f3n con la Secretar\u00eda de la Defensa Nacional (Sedena), llevaron a cabo un cateo en Miahuatl\u00e1n de Porfirio D\u00edaz, en cuyo marco se aseguraron armas de fuego de diferentes calibres, as\u00ed como cartuchos \u00fatiles y equipo t\u00e1ctico, entre otros objetos.<\/p>\n\n\n\n<p>Luego de obtener de un Juez la orden de cateo, elementos de la AEI entrenados en operaciones t\u00e1cticas y del Ej\u00e9rcito Nacional, arribaron al domicilio localizado en el citado municipio perteneciente a la regi\u00f3n de la Sierra Sur.<\/p>\n\n\n\n<p>En dicho lugar, se localizaron armas de fuego, tanto cortas como largas, de diferentes calibres, as\u00ed como cartuchos \u00fatiles y diversos insumos.<\/p>\n\n\n\n<p>Por tanto, los objetos fueron asegurados y trasladados al Instituto de Servicios Periciales de la FGEO para realizar las diligencias cient\u00edficas en cuanto a pruebas bal\u00edsticas para integrar los resultados a las investigaciones en curso.<\/p>\n\n\n\n<p>El trabajo de campo que realiza la Fiscal\u00eda de Oaxaca, a trav\u00e9s de la Agencia Estatal de Investigaciones, conjuntamente con instituciones federales, permite fortalecer el trabajo jur\u00eddico con el objetivo de procurar justicia a favor de las v\u00edctimas y la sociedad.<\/p>\n","protected":false},"excerpt":{"rendered":"<p>Redacci\u00f3n\/Zona Roja. Oaxaca de Ju\u00e1rez, Oax., a 27 de julio de 2023.-&nbsp; La Fiscal\u00eda General&hellip;<\/p>\n","protected":false},"author":2,"featured_media":58011,"comment_status":"closed","ping_status":"open","sticky":false,"template":"","format":"standard","meta":{"_lmt_disableupdate":"","_lmt_disable":"","_jetpack_memberships_contains_paid_content":false,"footnotes":""},"categories":[109,46],"tags":[494],"class_list":["post-58008","post","type-post","status-publish","format-standard","has-post-thumbnail","hentry","category-minuto-a-minuto","category-zona-blanca","tag-fiscalia-general-del-estado-de-oaxaca"],"jetpack_featured_media_url":"https:\/\/zonaroja.com.mx\/wp-content\/uploads\/2023\/07\/Fiscalia-AEI-Miahuatlan.jpeg","jetpack_sharing_enabled":true,"_links":{"self":[{"href":"https:\/\/zonaroja.com.mx\/index.php?rest_route=\/wp\/v2\/posts\/58008","targetHints":{"allow":["GET"]}}],"collection":[{"href":"https:\/\/zonaroja.com.mx\/index.php?rest_route=\/wp\/v2\/posts"}],"about":[{"href":"https:\/\/zonaroja.com.mx\/index.php?rest_route=\/wp\/v2\/types\/post"}],"author":[{"embeddable":true,"href":"https:\/\/zonaroja.com.mx\/index.php?rest_route=\/wp\/v2\/users\/2"}],"replies":[{"embeddable":true,"href":"https:\/\/zonaroja.com.mx\/index.php?rest_route=%2Fwp%2Fv2%2Fcomments&post=58008"}],"version-history":[{"count":1,"href":"https:\/\/zonaroja.com.mx\/index.php?rest_route=\/wp\/v2\/posts\/58008\/revisions"}],"predecessor-version":[{"id":58009,"href":"https:\/\/zonaroja.com.mx\/index.php?rest_route=\/wp\/v2\/posts\/58008\/revisions\/58009"}],"wp:featuredmedia":[{"embeddable":true,"href":"https:\/\/zonaroja.com.mx\/index.php?rest_route=\/wp\/v2\/media\/58011"}],"wp:attachment":[{"href":"https:\/\/zonaroja.com.mx\/index.php?rest_route=%2Fwp%2Fv2%2Fmedia&parent=58008"}],"wp:term":[{"taxonomy":"category","embeddable":true,"href":"https:\/\/zonaroja.com.mx\/index.php?rest_route=%2Fwp%2Fv2%2Fcategories&post=58008"},{"taxonomy":"post_tag","embeddable":true,"href":"https:\/\/zonaroja.com.mx\/index.php?rest_route=%2Fwp%2Fv2%2Ftags&post=58008"}],"curies":[{"name":"wp","href":"https:\/\/api.w.org\/{rel}","templated":true}]}}