{"id":58017,"date":"2023-07-27T07:56:20","date_gmt":"2023-07-27T12:56:20","guid":{"rendered":"http:\/\/www.zonaroja.com.mx\/?p=58017"},"modified":"2023-07-27T07:56:21","modified_gmt":"2023-07-27T12:56:21","slug":"presentan-oaxaca-y-veracruz-esquemas-de-incentivos-para-invertir-en-corredor-interoceanico","status":"publish","type":"post","link":"https:\/\/zonaroja.com.mx\/?p=58017","title":{"rendered":"Presentan Oaxaca y Veracruz esquemas de incentivos para invertir en Corredor Interoce\u00e1nico"},"content":{"rendered":"\n<p>Redacci\u00f3n\/Zona Roja.<\/p>\n\n\n\n<p>Oaxaca de Ju\u00e1rez, Oax., a 27 de julio de 2023.- Los gobiernos de Oaxaca y de Veracruz presentaron los esquemas de incentivos fiscales para las empresas que se deseen instalar e invertir en la zona del Corredor Interoce\u00e1nico del Istmo de Tehuantepec.<\/p>\n\n\n\n<p>Ayer en conferencia de prensa en Boca del R\u00edo, Veracruz, se detall\u00f3 que las personas f\u00edsicas, morales o las unidades econ\u00f3micas que realicen actividades productivas al interior de los polos, tendr\u00e1n acceso a diversos beneficios.<\/p>\n\n\n\n<p>Los concesionarios o propietarios de alguna superficie dentro de los polos de desarrollo del bienestar ser\u00e1n acreedores a un est\u00edmulo del 100 por ciento en el ISR en los primeros tres ejercicios fiscales, y del 50 por ciento por ciento en los tres a\u00f1os subsecuentes.<\/p>\n\n\n\n<p>Ello en el impuesto para el desarrollo social, el impuesto sobre erogaciones por remuneraci\u00f3n al trabajo personal, cuando empleen, por lo menos 20 por ciento de mujeres, 5 por ciento de personas adultas mayores, 5 por ciento de personas con discapacidad o 10 por ciento de personas que se encuentren iniciando su vida laboral.<\/p>\n\n\n\n<p>En un comunicado de prensa, el gobierno de Oaxaca explic\u00f3 que otro impuesto es sobre tenencia o uso de veh\u00edculos, los transportes de carga, veh\u00edculos de transporte de hasta 15 pasajeros, embarcaciones y motocicletas.<\/p>\n\n\n\n<p>En materia de derechos se otorgar\u00e1n est\u00edmulos de 100 por ciento en la prestaci\u00f3n de los servicios en materia catastral, registral, notarial, de seguridad privada, protecci\u00f3n civil, impacto y riesgo ambiental; y los relacionados con el control vehicular.<\/p>\n\n\n\n<p>Quienes as\u00ed lo deseen y requieran, contar\u00e1n con la asesor\u00eda y el acompa\u00f1amiento de todas las instancias estatales pertinentes, tanto para acceder a los incentivos que les correspondan previo cumplimiento de requisitos, como para poder llevar a cabo sus proyectos de inversi\u00f3n en los polos de desarrollo definidos dentro del territorio oaxaque\u00f1o.<\/p>\n\n\n\n<figure class=\"wp-block-embed is-type-rich is-provider-twitter wp-block-embed-twitter\"><div class=\"wp-block-embed__wrapper\">\n<div class=\"twitter-tweet\"><blockquote class=\"twitter-tweet\" data-lang=\"es\"><p lang=\"es\" dir=\"ltr\"><a href=\"https:\/\/twitter.com\/hashtag\/%C3%9AltimoMinuto?src=hash&amp;ref_src=twsrc%5Etfw\">#\u00daltimoMinuto<\/a><br>Desde Boca del R\u00edo, Veracruz, los mandatarios de esa entidad y de Oaxaca, dan a conocer detalles de los procedimientos licitatorios para el establecimiento de los Polos de Desarrollo para el Bienestar del Corredor Interoce\u00e1nico del Istmo de Tehuantepec (CIIT).<br>Esta\u2026 <a href=\"https:\/\/t.co\/PvuuBN0kVA\">pic.twitter.com\/PvuuBN0kVA<\/a><\/p>&mdash; Zona Roja Oaxaca (@ZonaRoja_Oaxaca) <a href=\"https:\/\/twitter.com\/ZonaRoja_Oaxaca\/status\/1684356639715885057?ref_src=twsrc%5Etfw\">27 de julio de 2023<\/a><\/blockquote><\/div>\n<\/div><\/figure>\n\n\n\n<p>NUEVA DIN\u00c1MICA<\/p>\n\n\n\n<p>En su intervenci\u00f3n, el mandatario Salom\u00f3n Jara Cruz refiri\u00f3 que su gobierno ha establecido una nueva din\u00e1mica con la iniciativa privada, buscando que el estado recupere su papel y su responsabilidad como facilitador de la actividad econ\u00f3mica en sus distintos sectores, a fin de propiciar un entorno competitivo, que coloque a Oaxaca como un destino atractivo para la inversi\u00f3n local, regional, nacional e internacional.<\/p>\n\n\n\n<p>En ese sentido, se han redoblado esfuerzos para implementar la pol\u00edtica p\u00fablica de mejora regulatoria en toda la administraci\u00f3n p\u00fablica estatal, as\u00ed como en los 46 municipios oaxaque\u00f1os involucrados en el Corredor Interoce\u00e1nico.<\/p>\n\n\n\n<p>Lo anterior, con el objetivo de simplificar tr\u00e1mites, servicios y regulaciones que promuevan una mayor eficacia, eficiencia y transparencia gubernamental, generando as\u00ed mayores beneficios con menores costos para la poblaci\u00f3n en general.<\/p>\n\n\n\n<p>\u201cNos entusiasma el extraordinario inter\u00e9s de empresarios e inversionistas, tanto nacionales como internacionales, por participar activamente en el gran proyecto que representa el Corredor Interoce\u00e1nico del Istmo de Tehuantepec (CIIT) y, en particular, en los Polos de Desarrollo para el Bienestar, que se convertir\u00e1n en verdaderos detonadores de inversi\u00f3n, empleo y productividad en beneficio, no s\u00f3lo de Oaxaca y Veracruz, sino de todo el pa\u00eds y Am\u00e9rica del Norte\u201d, afirm\u00f3.<\/p>\n\n\n\n<p>Durante la Sesi\u00f3n de Orientaci\u00f3n de los procedimientos licitatorios para el establecimiento de los Polos de Desarrollo para el Bienestar del CIIT, en el estado de Veracruz, se\u00f1al\u00f3 que el presidente Andr\u00e9s Manuel L\u00f3pez Obrador, con visi\u00f3n social y de largo plazo, ha impulsado el despertar del sur-sureste, transformando esta regi\u00f3n y acrecentando las oportunidades de desarrollo de quienes habitan en ella.<\/p>\n\n\n\n<p>\u201cPara Oaxaca, esta es una oportunidad hist\u00f3rica para fortalecer la actividad productiva local y diversificar nuestra econom\u00eda; incrementar los niveles de ingresos de la poblaci\u00f3n mediante la creaci\u00f3n de empleos formales; y fomentar la construcci\u00f3n de infraestructura de transporte y log\u00edstica, complementando obras estatales y otros grandes proyectos estrat\u00e9gicos del Presidente de la Rep\u00fablica, como las carreteras que conectar\u00e1n al centro del estado con el Istmo y la Costa\u201d, dijo.<\/p>\n\n\n\n<p>Adelant\u00f3 que, en el Puerto de Altura Salina cruz, se espera la recepci\u00f3n de buque tanques con capacidad de hasta 1,900, 000 barriles de crudo y el arribo de 250 buques promedio por a\u00f1os. En tanto, se encuentra en proceso un concurso p\u00fablico de 01 Terminal de Usos M\u00faltiples y 01 Terminal Especializado en Contenedores, con capacidad para 300, 000 y 1,400,000 TEUS, respectivamente.<\/p>\n","protected":false},"excerpt":{"rendered":"<p>Redacci\u00f3n\/Zona Roja. Oaxaca de Ju\u00e1rez, Oax., a 27 de julio de 2023.- Los gobiernos de&hellip;<\/p>\n","protected":false},"author":2,"featured_media":58010,"comment_status":"closed","ping_status":"open","sticky":false,"template":"","format":"standard","meta":{"_lmt_disableupdate":"","_lmt_disable":"","_jetpack_memberships_contains_paid_content":false,"footnotes":""},"categories":[109,46],"tags":[939],"class_list":["post-58017","post","type-post","status-publish","format-standard","has-post-thumbnail","hentry","category-minuto-a-minuto","category-zona-blanca","tag-salomon-jara-cruz"],"jetpack_featured_media_url":"https:\/\/zonaroja.com.mx\/wp-content\/uploads\/2023\/07\/3-Oaxaca-y-Veracruz-los-estados-mas-atractivos-para-invertir-durante-los-proximos-50-anos-Salomon-Jara.jpeg","jetpack_sharing_enabled":true,"_links":{"self":[{"href":"https:\/\/zonaroja.com.mx\/index.php?rest_route=\/wp\/v2\/posts\/58017","targetHints":{"allow":["GET"]}}],"collection":[{"href":"https:\/\/zonaroja.com.mx\/index.php?rest_route=\/wp\/v2\/posts"}],"about":[{"href":"https:\/\/zonaroja.com.mx\/index.php?rest_route=\/wp\/v2\/types\/post"}],"author":[{"embeddable":true,"href":"https:\/\/zonaroja.com.mx\/index.php?rest_route=\/wp\/v2\/users\/2"}],"replies":[{"embeddable":true,"href":"https:\/\/zonaroja.com.mx\/index.php?rest_route=%2Fwp%2Fv2%2Fcomments&post=58017"}],"version-history":[{"count":1,"href":"https:\/\/zonaroja.com.mx\/index.php?rest_route=\/wp\/v2\/posts\/58017\/revisions"}],"predecessor-version":[{"id":58018,"href":"https:\/\/zonaroja.com.mx\/index.php?rest_route=\/wp\/v2\/posts\/58017\/revisions\/58018"}],"wp:featuredmedia":[{"embeddable":true,"href":"https:\/\/zonaroja.com.mx\/index.php?rest_route=\/wp\/v2\/media\/58010"}],"wp:attachment":[{"href":"https:\/\/zonaroja.com.mx\/index.php?rest_route=%2Fwp%2Fv2%2Fmedia&parent=58017"}],"wp:term":[{"taxonomy":"category","embeddable":true,"href":"https:\/\/zonaroja.com.mx\/index.php?rest_route=%2Fwp%2Fv2%2Fcategories&post=58017"},{"taxonomy":"post_tag","embeddable":true,"href":"https:\/\/zonaroja.com.mx\/index.php?rest_route=%2Fwp%2Fv2%2Ftags&post=58017"}],"curies":[{"name":"wp","href":"https:\/\/api.w.org\/{rel}","templated":true}]}}