{"id":58019,"date":"2023-07-27T11:30:00","date_gmt":"2023-07-27T16:30:00","guid":{"rendered":"http:\/\/www.zonaroja.com.mx\/?p=58019"},"modified":"2023-07-27T08:19:22","modified_gmt":"2023-07-27T13:19:22","slug":"rechazan-irregularidades-en-desaparicion-del-tjao-congreso-demanda-proteccion-de-empleados","status":"publish","type":"post","link":"https:\/\/zonaroja.com.mx\/?p=58019","title":{"rendered":"Rechazan irregularidades en desaparici\u00f3n del TJAO; Congreso demanda protecci\u00f3n de empleados"},"content":{"rendered":"\n<p>Yuridiana Sosa\/Zona Roja.<\/p>\n\n\n\n<p>Oaxaca de Ju\u00e1rez, Oax., a 27 de julio de 2023.- Ante diversas cr\u00edticas por la premura de la desaparici\u00f3n del Tribunal de Justicia Administrativa, el presidente de la Junta de Coordinaci\u00f3n Pol\u00edtica del Congreso de Oaxaca, Luis Alfonso Silva Romo, descart\u00f3 irregularidades en el proceso, en tanto que este mi\u00e9rcoles la 65 Legislatura aprob\u00f3 un exhorto para la protecci\u00f3n laboral de los trabajadores.<\/p>\n\n\n\n<p>En entrevista, Silva Romo, promovente de la reforma Constitucional, se\u00f1al\u00f3 que la r\u00e1pida determinaci\u00f3n se debi\u00f3 a la ausencia de un organismo que realmente brindara justicia pronta y expedita a los oaxaque\u00f1os como lo establece la constituci\u00f3n y no s\u00f3lo contar con un Tribunal que atend\u00eda a intereses particulares y en detrimento del Estado.<\/p>\n\n\n\n<p>Apunt\u00f3 que la exposici\u00f3n y aprobaci\u00f3n de las reformas para dar paso al Tribunal de Justicia Administrativa y Combate a la Corrupci\u00f3n del Estado de Oaxaca consider\u00f3 los diferentes escenarios legales, en la que los afectados podr\u00edan promover controversias.<\/p>\n\n\n\n<p>En ese sentido, dijo, est\u00e1n en todo su derecho de proceder ante las instancias correspondientes, pero a su vez conf\u00edan que los tribunales federales priorizar\u00e1n el derecho de los oaxaque\u00f1os y reconocer\u00e1 las propias atribuciones del Poder Legislativo para realizar reformas.<\/p>\n\n\n\n<p>El diputado por Morena asever\u00f3 que no hay lugar a negociaciones de ning\u00fan tipo para cambiar el panorama respecto a la desaparici\u00f3n del TJAO, cuando existen argumentos jur\u00eddicos que sustentan la reforma.<\/p>\n\n\n\n<p>Este cambio, asegur\u00f3, no transgrede los derechos de los pueblos ind\u00edgenas como algunas organizaciones civiles se\u00f1alan.<\/p>\n\n\n\n<figure class=\"wp-block-embed is-type-rich is-provider-twitter wp-block-embed-twitter\"><div class=\"wp-block-embed__wrapper\">\n<div class=\"twitter-tweet\"><blockquote class=\"twitter-tweet\" data-lang=\"es\"><p lang=\"es\" dir=\"ltr\"><a href=\"https:\/\/twitter.com\/hashtag\/%C3%9AltimoMinuto?src=hash&amp;ref_src=twsrc%5Etfw\">#\u00daltimoMinuto<\/a><br>Sobre las cr\u00edticas por probables irregularidades legislativas en la desaparici\u00f3n del Tribunal de Justicia Administrativa, el presidente de la Junta de Coordinaci\u00f3n Pol\u00edtica del <a href=\"https:\/\/twitter.com\/CongresoOaxaca_?ref_src=twsrc%5Etfw\">@CongresoOaxaca_<\/a>, <a href=\"https:\/\/twitter.com\/LUISALFONSOSR?ref_src=twsrc%5Etfw\">@luisalfonsosr<\/a>, rechaz\u00f3 que hubiera \u201calbazo\u201d en la determinaci\u00f3n, todo\u2026 <a href=\"https:\/\/t.co\/0cvv1zbM7M\">pic.twitter.com\/0cvv1zbM7M<\/a><\/p>&mdash; Zona Roja Oaxaca (@ZonaRoja_Oaxaca) <a href=\"https:\/\/twitter.com\/ZonaRoja_Oaxaca\/status\/1684287126882463744?ref_src=twsrc%5Etfw\">26 de julio de 2023<\/a><\/blockquote><\/div>\n<\/div><\/figure>\n\n\n\n<p>PROTECCI\u00d3N A EMPLEADOS<\/p>\n\n\n\n<p>En tanto que durante la sesi\u00f3n ordinaria de este mi\u00e9rcoles, la 65 Legislatura de Oaxaca aprob\u00f3 con 25 votos a favor un exhorto para que los magistrados del Tribunal de Justicia Administrativa y Combate a la Corrupci\u00f3n del Estado de Oaxaca, a respetar los derechos de los servidores p\u00fablicos que conformaban el personal de base y de confianza del antiguo Tribunal de Justicia Administrativa del Estado de Oaxaca.<\/p>\n\n\n\n<p>La votaci\u00f3n, de urgente y obvia resoluci\u00f3n, consider\u00f3 que la transferencia del personal d\u00e9 inicio a partir del 3 de agosto pr\u00f3ximo, con el fin de atender los principios de justicia pronta, completa e imparcial.<\/p>\n\n\n\n<p>El punto de acuerdo fue presentado por las diputadas Minerva Leonor L\u00f3pez Calderon, Ang\u00e9lica Roci\u00f3 Melchor V\u00e1zquez y el diputado V\u00edctor Ra\u00fal Hern\u00e1ndez L\u00f3pez, del grupo parlamentario del PRD.<\/p>\n\n\n\n<p>En tribuna, Roc\u00edo Melchor apunt\u00f3 que, aunque est\u00e1n de acuerdo en la importancia del combate a la corrupci\u00f3n, s\u00ed existi\u00f3 una acelerada aprobaci\u00f3n para la desaparici\u00f3n del TJAO, que desde su an\u00e1lisis existieron violaciones a los principios de legalidad, seguridad y democracia.<\/p>\n\n\n\n<p>Dicha urgencia, dijo, ocasion\u00f3 deficiencias legislativas que debilitan la operatividad del nuevo tribunal, por lo que a trav\u00e9s del pronto de acuerdo que se presenta se trata de proteger a los 91 trabajadores de base y de confianza, -56 son mujeres-que con el paso del tiempo adquieren derechos, y ante el cambio surgi\u00f3 la incertidumbre sobre su condici\u00f3n labora.&nbsp;<\/p>\n\n\n\n<figure class=\"wp-block-embed is-type-rich is-provider-twitter wp-block-embed-twitter\"><div class=\"wp-block-embed__wrapper\">\n<div class=\"twitter-tweet\"><blockquote class=\"twitter-tweet\" data-lang=\"es\"><p lang=\"es\" dir=\"ltr\">\u201cLo que se vivi\u00f3 el pasado 22 de julio en esta soberan\u00eda fue una clara violaci\u00f3n a los principios de legalidad en el proceso legislativo\u201d, critic\u00f3 hoy la diputada del PRD, Roc\u00edo Melchor V\u00e1squez, en la sesi\u00f3n del <a href=\"https:\/\/twitter.com\/CongresoOaxaca_?ref_src=twsrc%5Etfw\">@CongresoOaxaca_<\/a>.<br>Propuso, y lo aprob\u00f3 el pleno, un Punto de Acuerdo\u2026 <a href=\"https:\/\/t.co\/jwjMPA8wH2\">pic.twitter.com\/jwjMPA8wH2<\/a><\/p>&mdash; Zona Roja Oaxaca (@ZonaRoja_Oaxaca) <a href=\"https:\/\/twitter.com\/ZonaRoja_Oaxaca\/status\/1684384533599113217?ref_src=twsrc%5Etfw\">27 de julio de 2023<\/a><\/blockquote><\/div>\n<\/div><\/figure>\n","protected":false},"excerpt":{"rendered":"<p>Yuridiana Sosa\/Zona Roja. Oaxaca de Ju\u00e1rez, Oax., a 27 de julio de 2023.- Ante diversas&hellip;<\/p>\n","protected":false},"author":2,"featured_media":58020,"comment_status":"closed","ping_status":"open","sticky":false,"template":"","format":"standard","meta":{"_lmt_disableupdate":"","_lmt_disable":"","_jetpack_memberships_contains_paid_content":false,"footnotes":""},"categories":[109,46],"tags":[2743],"class_list":["post-58019","post","type-post","status-publish","format-standard","has-post-thumbnail","hentry","category-minuto-a-minuto","category-zona-blanca","tag-65-legislatura-del-estado-de-oaxaca"],"jetpack_featured_media_url":"https:\/\/zonaroja.com.mx\/wp-content\/uploads\/2023\/07\/Luis-Alfonso-Silva-Rocio-Melchor.jpg","jetpack_sharing_enabled":true,"_links":{"self":[{"href":"https:\/\/zonaroja.com.mx\/index.php?rest_route=\/wp\/v2\/posts\/58019","targetHints":{"allow":["GET"]}}],"collection":[{"href":"https:\/\/zonaroja.com.mx\/index.php?rest_route=\/wp\/v2\/posts"}],"about":[{"href":"https:\/\/zonaroja.com.mx\/index.php?rest_route=\/wp\/v2\/types\/post"}],"author":[{"embeddable":true,"href":"https:\/\/zonaroja.com.mx\/index.php?rest_route=\/wp\/v2\/users\/2"}],"replies":[{"embeddable":true,"href":"https:\/\/zonaroja.com.mx\/index.php?rest_route=%2Fwp%2Fv2%2Fcomments&post=58019"}],"version-history":[{"count":3,"href":"https:\/\/zonaroja.com.mx\/index.php?rest_route=\/wp\/v2\/posts\/58019\/revisions"}],"predecessor-version":[{"id":58026,"href":"https:\/\/zonaroja.com.mx\/index.php?rest_route=\/wp\/v2\/posts\/58019\/revisions\/58026"}],"wp:featuredmedia":[{"embeddable":true,"href":"https:\/\/zonaroja.com.mx\/index.php?rest_route=\/wp\/v2\/media\/58020"}],"wp:attachment":[{"href":"https:\/\/zonaroja.com.mx\/index.php?rest_route=%2Fwp%2Fv2%2Fmedia&parent=58019"}],"wp:term":[{"taxonomy":"category","embeddable":true,"href":"https:\/\/zonaroja.com.mx\/index.php?rest_route=%2Fwp%2Fv2%2Fcategories&post=58019"},{"taxonomy":"post_tag","embeddable":true,"href":"https:\/\/zonaroja.com.mx\/index.php?rest_route=%2Fwp%2Fv2%2Ftags&post=58019"}],"curies":[{"name":"wp","href":"https:\/\/api.w.org\/{rel}","templated":true}]}}