{"id":58029,"date":"2023-07-27T12:30:00","date_gmt":"2023-07-27T17:30:00","guid":{"rendered":"http:\/\/www.zonaroja.com.mx\/?p=58029"},"modified":"2023-07-27T08:25:48","modified_gmt":"2023-07-27T13:25:48","slug":"registra-oaxaca-9-fallecidos-por-ola-de-calor-en-el-pais-suman-249","status":"publish","type":"post","link":"https:\/\/zonaroja.com.mx\/?p=58029","title":{"rendered":"Registra Oaxaca 9 fallecidos por ola de calor; en el pa\u00eds suman 249"},"content":{"rendered":"\n<p>Redacci\u00f3n\/Zona Roja Cdmx.<\/p>\n\n\n\n<p>Ciudad de M\u00e9xico, a 27 de julio de 2023.- El estado de Oaxaca suma nueve personas fallecidas por la ola de calor, report\u00f3 la Secretar\u00eda de Salud federal.<\/p>\n\n\n\n<p>En un comunicado, detall\u00f3 que del 19 de marzo al 22 de julio, M\u00e9xico sum\u00f3 tres mil 169 casos y 249 fallecimientos asociados a temperaturas naturales extremas.<\/p>\n\n\n\n<p>De ellas, 230 muertes ocurrieron por golpe de calor y 19 por deshidrataci\u00f3n, report\u00f3 la Secretar\u00eda de Salud.<\/p>\n\n\n\n<p>En su informe semanal, la Direcci\u00f3n General de Epidemiolog\u00eda (DGE) reiter\u00f3 que en 16 entidades del pa\u00eds han ocurrido defunciones y Colima sigue siendo el \u00fanico estado que no ha notificado casos, ni decesos.<\/p>\n\n\n\n<p>Las tres entidades con el mayor n\u00famero de muertes fueron: Nuevo Le\u00f3n con 100, Tamaulipas con 28 y Veracruz con 26.<\/p>\n\n\n\n<p>En orden descendente se ubicaron: Sonora con 26, Coahuila con 19, Baja California y Oaxaca con 9.&nbsp; Tabasco y Quintana Roo con 6 y Yucat\u00e1n con 5.<\/p>\n\n\n\n<p>Baja California Sur y San Luis Potos\u00ed con 4, Campeche con 3, Sinaloa con 2 y finalmente Chihuahua y Morelos con uno.<\/p>\n\n\n\n<p>Con respecto a la semana epidemiol\u00f3gica n\u00famero 29, que comprendi\u00f3 del 16 al 22 de julio, la dependencia federal inform\u00f3 que se notificaron 282 casos asociados a temperaturas naturales extremas, \u201clo que represent\u00f3 un incremento de 25% respecto a la semana previa\u201d.<\/p>\n\n\n\n<p>Adem\u00e1s, Sonora fue el estado que notific\u00f3 el 47.5 % de los casos ocurridos durante la semana pasada.<\/p>\n\n\n\n<p>Tambi\u00e9n en el mismo lapso de tiempo se registraron 38 defunciones a nivel nacional, \u201cde las cuales 7 son atribuibles a la tercera ola de calor y fueron notificadas con retraso.<\/p>\n\n\n\n<p>(Con informaci\u00f3n de \u201cExc\u00e9lsior\u201d)<\/p>\n","protected":false},"excerpt":{"rendered":"<p>Redacci\u00f3n\/Zona Roja Cdmx. Ciudad de M\u00e9xico, a 27 de julio de 2023.- El estado de&hellip;<\/p>\n","protected":false},"author":2,"featured_media":56645,"comment_status":"closed","ping_status":"open","sticky":false,"template":"","format":"standard","meta":{"_lmt_disableupdate":"","_lmt_disable":"","_jetpack_memberships_contains_paid_content":false,"footnotes":""},"categories":[109,47],"tags":[3583],"class_list":["post-58029","post","type-post","status-publish","format-standard","has-post-thumbnail","hentry","category-minuto-a-minuto","category-zona-gris","tag-ola-de-calor"],"jetpack_featured_media_url":"https:\/\/zonaroja.com.mx\/wp-content\/uploads\/2023\/06\/Ola-de-calor-1.jpeg","jetpack_sharing_enabled":true,"_links":{"self":[{"href":"https:\/\/zonaroja.com.mx\/index.php?rest_route=\/wp\/v2\/posts\/58029","targetHints":{"allow":["GET"]}}],"collection":[{"href":"https:\/\/zonaroja.com.mx\/index.php?rest_route=\/wp\/v2\/posts"}],"about":[{"href":"https:\/\/zonaroja.com.mx\/index.php?rest_route=\/wp\/v2\/types\/post"}],"author":[{"embeddable":true,"href":"https:\/\/zonaroja.com.mx\/index.php?rest_route=\/wp\/v2\/users\/2"}],"replies":[{"embeddable":true,"href":"https:\/\/zonaroja.com.mx\/index.php?rest_route=%2Fwp%2Fv2%2Fcomments&post=58029"}],"version-history":[{"count":1,"href":"https:\/\/zonaroja.com.mx\/index.php?rest_route=\/wp\/v2\/posts\/58029\/revisions"}],"predecessor-version":[{"id":58030,"href":"https:\/\/zonaroja.com.mx\/index.php?rest_route=\/wp\/v2\/posts\/58029\/revisions\/58030"}],"wp:featuredmedia":[{"embeddable":true,"href":"https:\/\/zonaroja.com.mx\/index.php?rest_route=\/wp\/v2\/media\/56645"}],"wp:attachment":[{"href":"https:\/\/zonaroja.com.mx\/index.php?rest_route=%2Fwp%2Fv2%2Fmedia&parent=58029"}],"wp:term":[{"taxonomy":"category","embeddable":true,"href":"https:\/\/zonaroja.com.mx\/index.php?rest_route=%2Fwp%2Fv2%2Fcategories&post=58029"},{"taxonomy":"post_tag","embeddable":true,"href":"https:\/\/zonaroja.com.mx\/index.php?rest_route=%2Fwp%2Fv2%2Ftags&post=58029"}],"curies":[{"name":"wp","href":"https:\/\/api.w.org\/{rel}","templated":true}]}}