{"id":58031,"date":"2023-07-27T13:26:00","date_gmt":"2023-07-27T18:26:00","guid":{"rendered":"http:\/\/www.zonaroja.com.mx\/?p=58031"},"modified":"2023-07-27T09:07:00","modified_gmt":"2023-07-27T14:07:00","slug":"poder-judicial-de-oaxaca-y-conavim-estrategias-para-fortalecer-perspectiva-de-genero","status":"publish","type":"post","link":"https:\/\/zonaroja.com.mx\/?p=58031","title":{"rendered":"Poder Judicial de Oaxaca y Conavim\u00a0estrategias\u00a0para fortalecer perspectiva de g\u00e9nero"},"content":{"rendered":"\n<p>Redacci\u00f3n\/Zona Roja.<\/p>\n\n\n\n<p>Oaxaca de Ju\u00e1rez, Oax., a 27 de julio de 2023.- El titular del Poder Judicial del estado, magistrado Eduardo Pinacho S\u00e1nchez, se reuni\u00f3 con la coordinadora de la Unidad de G\u00e9nero&nbsp;de la Comisi\u00f3n Nacional para Prevenir y Erradicar la Violencia Contra las Mujeres (Conavim),&nbsp;Yunuen Gonz\u00e1lez S\u00e1nchez, con el objetivo de fortalecer los procesos de formaci\u00f3n de conocimientos y habilidades que permitan a las y los servidores p\u00fablicos judiciales desarrollar sus funciones con perspectiva de g\u00e9nero y en un marco de derechos humanos.&nbsp;<\/p>\n\n\n\n<p>Durante el encuentro, donde particip\u00f3 tambi\u00e9n la directora de Vinculaci\u00f3n con entidades federativas y municipios de la Conavim, Mar\u00eda del Carmen Sol\u00eds God\u00ednez, se present\u00f3 la oferta de&nbsp;capacitaci\u00f3n para autoridades de instancias de impartici\u00f3n de Justicia y Unidades de G\u00e9nero del Poder Judicial&nbsp;sobre temas&nbsp;ymecanismos para la erradicaci\u00f3n de la violencia.&nbsp;<\/p>\n\n\n\n<p>Asimismo, la Pol\u00edtica Nacional Integral y Alerta de Violencia de G\u00e9nero contra las Mujeres, la construcci\u00f3n social del g\u00e9nero, derechos humanos de las mujeres, Igualdad y no discriminaci\u00f3n, Lenguaje incluyente y no sexista y la Prevenci\u00f3n, atenci\u00f3n y sanci\u00f3n del hostigamiento sexual y acoso sexual en la administraci\u00f3n p\u00fablica, entre otros.&nbsp;<\/p>\n\n\n\n<p>Acompa\u00f1ado de la directora de Derechos Humanos del Consejo de la Judicatura, Nidia Soledad Mart\u00ednez Esteva;&nbsp;del director de la Escuela Judicial, H\u00e9ctor Humberto V\u00e1squez Quevedo y&nbsp;de la&nbsp;jefa de la Unidad de Igualdad de G\u00e9nero del&nbsp;Poder Judicial del Estado, Sheila S\u00e1nchez L\u00f3pez,&nbsp;el magistrado Pinacho S\u00e1nchez destac\u00f3 la importancia de sumar esfuerzos y construir redes de apoyo&nbsp;que garanticen&nbsp;el respeto a&nbsp;los derechos&nbsp;de las mujeres&nbsp;y&nbsp;a una vida&nbsp;sin discriminaci\u00f3n&nbsp;ni&nbsp;violencia.<\/p>\n\n\n\n<p>Por su parte,&nbsp;en entrevista al t\u00e9rmino del encuentro,&nbsp;la&nbsp;jefa de la Unidad de Igualdad de G\u00e9nero del&nbsp;Poder Judicial del Estadocoment\u00f3 que fortalecer los procesos de capacitaci\u00f3n en el personal jurisdiccional y administrativo contribuir\u00e1 a crear nuevos marcos interpretativos y en consecuencia la emisi\u00f3n de&nbsp;sentencias&nbsp;judiciales&nbsp;con perspectiva de g\u00e9nero.<\/p>\n\n\n\n<p>La Comisi\u00f3n Nacional para Erradicar y Prevenir la Violencia contra las Mujeres (Conavim),&nbsp;es un \u00f3rgano&nbsp;dependiente de la Secretar\u00eda de Gobernaci\u00f3n&nbsp;(SEGOB), que entre sus funciones tiene la de visibilizar&nbsp;las formas normalizadas de violencia contra las mujeres, promover&nbsp;su acceso a una vida libre de violencia y el ejercicio y respeto de sus derechos humanos, tambi\u00e9n fomenta la cultura de la denuncia y el acceso a la justicia.<\/p>\n","protected":false},"excerpt":{"rendered":"<p>Redacci\u00f3n\/Zona Roja. Oaxaca de Ju\u00e1rez, Oax., a 27 de julio de 2023.- El titular del&hellip;<\/p>\n","protected":false},"author":2,"featured_media":58012,"comment_status":"closed","ping_status":"open","sticky":false,"template":"","format":"standard","meta":{"_lmt_disableupdate":"","_lmt_disable":"","_jetpack_memberships_contains_paid_content":false,"footnotes":""},"categories":[109,46],"tags":[223],"class_list":["post-58031","post","type-post","status-publish","format-standard","has-post-thumbnail","hentry","category-minuto-a-minuto","category-zona-blanca","tag-poder-judicial-de-oaxaca"],"jetpack_featured_media_url":"https:\/\/zonaroja.com.mx\/wp-content\/uploads\/2023\/07\/Revisan-acciones-conjuntas-para-fortalecer-el-acceso-a-la-justicia-a-las-mujeres.jpeg","jetpack_sharing_enabled":true,"_links":{"self":[{"href":"https:\/\/zonaroja.com.mx\/index.php?rest_route=\/wp\/v2\/posts\/58031","targetHints":{"allow":["GET"]}}],"collection":[{"href":"https:\/\/zonaroja.com.mx\/index.php?rest_route=\/wp\/v2\/posts"}],"about":[{"href":"https:\/\/zonaroja.com.mx\/index.php?rest_route=\/wp\/v2\/types\/post"}],"author":[{"embeddable":true,"href":"https:\/\/zonaroja.com.mx\/index.php?rest_route=\/wp\/v2\/users\/2"}],"replies":[{"embeddable":true,"href":"https:\/\/zonaroja.com.mx\/index.php?rest_route=%2Fwp%2Fv2%2Fcomments&post=58031"}],"version-history":[{"count":1,"href":"https:\/\/zonaroja.com.mx\/index.php?rest_route=\/wp\/v2\/posts\/58031\/revisions"}],"predecessor-version":[{"id":58034,"href":"https:\/\/zonaroja.com.mx\/index.php?rest_route=\/wp\/v2\/posts\/58031\/revisions\/58034"}],"wp:featuredmedia":[{"embeddable":true,"href":"https:\/\/zonaroja.com.mx\/index.php?rest_route=\/wp\/v2\/media\/58012"}],"wp:attachment":[{"href":"https:\/\/zonaroja.com.mx\/index.php?rest_route=%2Fwp%2Fv2%2Fmedia&parent=58031"}],"wp:term":[{"taxonomy":"category","embeddable":true,"href":"https:\/\/zonaroja.com.mx\/index.php?rest_route=%2Fwp%2Fv2%2Fcategories&post=58031"},{"taxonomy":"post_tag","embeddable":true,"href":"https:\/\/zonaroja.com.mx\/index.php?rest_route=%2Fwp%2Fv2%2Ftags&post=58031"}],"curies":[{"name":"wp","href":"https:\/\/api.w.org\/{rel}","templated":true}]}}