{"id":58035,"date":"2023-07-27T13:07:00","date_gmt":"2023-07-27T18:07:00","guid":{"rendered":"http:\/\/www.zonaroja.com.mx\/?p=58035"},"modified":"2023-07-27T09:14:30","modified_gmt":"2023-07-27T14:14:30","slug":"el-tren-maya-viola-derechos-de-naturales-y-comunidad-tribunal-internacional","status":"publish","type":"post","link":"https:\/\/zonaroja.com.mx\/?p=58035","title":{"rendered":"El Tren Maya viola derechos de naturales y comunidad: Tribunal Internacional"},"content":{"rendered":"\n<p>Redacci\u00f3n\/Zona Roja Cdmx.<\/p>\n\n\n\n<p>Ciudad de M\u00e9xico, a 27 de julio de 2023.-&nbsp;Con el Tren Maya, obra insignia del Gobierno de Andr\u00e9s Manuel L\u00f3pez Obrador, M\u00e9xico viola los derechos de la naturaleza y de la comunidad maya del sur del pa\u00eds, lo que se considera un ecocidio y un etnocidio, determin\u00f3 este mi\u00e9rcoles el Tribunal Internacional de los Derechos de la Naturaleza.<\/p>\n\n\n\n<p>\u201cEl veredicto del Tribunal destaca la violaci\u00f3n de los derechos de la naturaleza y los derechos bioculturales del pueblo maya, quienes han sido y contin\u00faan siendo guardianes de su territorio, cenotes, cuevas, selvas, biodiversidad y cultivos tradicionales. Se considera un crimen de ecocidio y etnocidio, y el Tribunal responsabiliza al Estado mexicano\u201d, reflej\u00f3 el informe.<\/p>\n\n\n\n<p>El Tribunal Internacional de los Derechos de la Naturaleza es una instituci\u00f3n internacional creada por ciudadanos para investigar y difundir violaciones de los derechos medioambientales.<\/p>\n\n\n\n<p>En su veredicto, firmado por juristas, economistas y ambientalistas internacionales, declara que el Tren Maya vulnera los derechos de la tierra a ser respetada, a regenerar su biocapacidad y a continuar sus ciclos vitales sin alteraciones humanas.<\/p>\n\n\n\n<p>Tambi\u00e9n el derecho al agua como fuente de vida, a la salud integral y a estar libre de contaminaci\u00f3n y desechos t\u00f3xicos, todos ellos reconocidos en la Declaraci\u00f3n Universal de los Derechos de la Madre Tierra.<\/p>\n\n\n\n<p>El Tren Maya, que se inaugurar\u00e1 en diciembre, ha estado rodeado de pol\u00e9mica durante toda su construcci\u00f3n por las denuncias de destrucci\u00f3n de la biodiversidad del sur de M\u00e9xico, repleto de humedales, cenotes, r\u00edos subterr\u00e1neos y selva, y del patrimonio cultural que todav\u00eda se conserva en la regi\u00f3n.<\/p>\n\n\n\n<p>La obra contempla 1.554 kil\u00f3metros de v\u00eda para un tren tur\u00edstico, de carga y pasajeros locales en los estados del sureste de M\u00e9xico: Chiapas, Campeche, Tabasco, Yucat\u00e1n y Quintana Roo.<\/p>\n\n\n\n<p>Ante los amparos presentados por organizaciones ambientalistas, L\u00f3pez Obrador declar\u00f3 la construcci\u00f3n como un proyecto de seguridad nacional e inter\u00e9s p\u00fablico, medida con la que bloque\u00f3 la informaci\u00f3n al respecto y las investigaciones sobre posibles irregularidades.<\/p>\n\n\n\n<p>Entre las principales afectaciones reflejadas en el veredicto destacan la contaminaci\u00f3n de acu\u00edferos, la deforestaci\u00f3n -hasta 10 millones de \u00e1rboles talados-, la extinci\u00f3n de flora y fauna o la destrucci\u00f3n de cenotes.<\/p>\n\n\n\n<p>Respecto a los derechos de las comunidades originarias, el Tribunal denuncia la falta de consulta para que el Tren Maya atraviese sus territorios o la militarizaci\u00f3n de la regi\u00f3n para supervisar el proyecto.<\/p>\n\n\n\n<p>El Tribunal pide al Gobierno mexicano una auditor\u00eda independiente, en colaboraci\u00f3n con comunidades afectadas, para evaluar los impactos de la obra; reparar y restaurar los ecosistemas afectados; y suspender la expropiaci\u00f3n de tierras ejidales.<\/p>\n\n\n\n<p>El Tribunal entregar\u00e1 el veredicto a L\u00f3pez Obrador e instituciones como la Comisi\u00f3n Nacional de Derechos Humanos M\u00e9xico (CNDH); el Fondo Nacional de Fomento al Turismo (Fonatur); la Secretar\u00eda de Medio Ambiente y Recursos Naturales (Semarnat); y el Instituto Nacional de Pueblos Ind\u00edgenas (INPI).<\/p>\n\n\n\n<p>(Informaci\u00f3n de EFE en \u201cEl Financiero\u201d)<\/p>\n","protected":false},"excerpt":{"rendered":"<p>Redacci\u00f3n\/Zona Roja Cdmx. Ciudad de M\u00e9xico, a 27 de julio de 2023.-&nbsp;Con el Tren Maya,&hellip;<\/p>\n","protected":false},"author":2,"featured_media":51402,"comment_status":"closed","ping_status":"open","sticky":false,"template":"","format":"standard","meta":{"_lmt_disableupdate":"","_lmt_disable":"","_jetpack_memberships_contains_paid_content":false,"footnotes":""},"categories":[109,47],"tags":[3080],"class_list":["post-58035","post","type-post","status-publish","format-standard","has-post-thumbnail","hentry","category-minuto-a-minuto","category-zona-gris","tag-proyecto-tren-maya"],"jetpack_featured_media_url":"https:\/\/zonaroja.com.mx\/wp-content\/uploads\/2023\/02\/Tren-Maya-obras.webp","jetpack_sharing_enabled":true,"_links":{"self":[{"href":"https:\/\/zonaroja.com.mx\/index.php?rest_route=\/wp\/v2\/posts\/58035","targetHints":{"allow":["GET"]}}],"collection":[{"href":"https:\/\/zonaroja.com.mx\/index.php?rest_route=\/wp\/v2\/posts"}],"about":[{"href":"https:\/\/zonaroja.com.mx\/index.php?rest_route=\/wp\/v2\/types\/post"}],"author":[{"embeddable":true,"href":"https:\/\/zonaroja.com.mx\/index.php?rest_route=\/wp\/v2\/users\/2"}],"replies":[{"embeddable":true,"href":"https:\/\/zonaroja.com.mx\/index.php?rest_route=%2Fwp%2Fv2%2Fcomments&post=58035"}],"version-history":[{"count":1,"href":"https:\/\/zonaroja.com.mx\/index.php?rest_route=\/wp\/v2\/posts\/58035\/revisions"}],"predecessor-version":[{"id":58038,"href":"https:\/\/zonaroja.com.mx\/index.php?rest_route=\/wp\/v2\/posts\/58035\/revisions\/58038"}],"wp:featuredmedia":[{"embeddable":true,"href":"https:\/\/zonaroja.com.mx\/index.php?rest_route=\/wp\/v2\/media\/51402"}],"wp:attachment":[{"href":"https:\/\/zonaroja.com.mx\/index.php?rest_route=%2Fwp%2Fv2%2Fmedia&parent=58035"}],"wp:term":[{"taxonomy":"category","embeddable":true,"href":"https:\/\/zonaroja.com.mx\/index.php?rest_route=%2Fwp%2Fv2%2Fcategories&post=58035"},{"taxonomy":"post_tag","embeddable":true,"href":"https:\/\/zonaroja.com.mx\/index.php?rest_route=%2Fwp%2Fv2%2Ftags&post=58035"}],"curies":[{"name":"wp","href":"https:\/\/api.w.org\/{rel}","templated":true}]}}