{"id":58039,"date":"2023-07-27T15:15:00","date_gmt":"2023-07-27T20:15:00","guid":{"rendered":"http:\/\/www.zonaroja.com.mx\/?p=58039"},"modified":"2023-07-27T09:16:37","modified_gmt":"2023-07-27T14:16:37","slug":"inaugura-la-ddhpo-oficina-regional-zona-istmo-en-ciudad-ixtepec","status":"publish","type":"post","link":"https:\/\/zonaroja.com.mx\/?p=58039","title":{"rendered":"Inaugura la DDHPO oficina regional \u201cZona Istmo\u201d en Ciudad Ixtepec"},"content":{"rendered":"\n<p>Redacci\u00f3n\/Zona Roja.<\/p>\n\n\n\n<p>Oaxaca de Ju\u00e1rez, Oax., a 27 de julio de 2023.- La Defensor\u00eda de los Derechos Humanos del Pueblo de Oaxaca (DDHPO), realiz\u00f3 este mi\u00e9rcoles 26 de julio,&nbsp; la inauguraci\u00f3n de la nueva oficina regional \u201cZona Istmo\u201d en Ciudad Ixtepec, a fin de brindar un servicio con trato humano y digno para todas y todos.<\/p>\n\n\n\n<p>La titular de la DDHPO, Elizabeth Lara Rodr\u00edguez&nbsp; destac\u00f3 la importancia de la dignificaci\u00f3n de estas instalaciones en esta zona del Istmo, en presencia de la consultora de la Organizaci\u00f3n Internacional para las Migraciones, Dulce Luc\u00eda Arroyo, el presb\u00edtero y director del Albergue \u00abHermanos en el Camino\u00bb, Jos\u00e9 Alejandro Solalinde Guerra, servidoras y servidores p\u00fablicos, integrantes de organizaciones de la sociedad civil, defensoras y defensores de derechos humanos de la regi\u00f3n.&nbsp;<\/p>\n\n\n\n<p>Lo anterior, a fin de brindar servicios con personas comprometidas en la defensa de los derechos humanos, y que adem\u00e1s de tener conocimientos en la materia sean sensibles a las situaciones que viven las v\u00edctimas.<\/p>\n\n\n\n<p>\u201cLos procesos que iniciamos en la DDHPO, implican el fortalecimiento de las capacidades institucionales para dar una respuesta profesional, humana y adecuada a las v\u00edctimas; este camino necesariamente debe ser incluyente, atender a todas las personas sin discriminaci\u00f3n, pues la igualdad y equidad son principios que permiten dar un servicio a quienes por diversas razones se encuentran en situaci\u00f3n de vulnerabilidad\u201d, indic\u00f3.<\/p>\n\n\n\n<p>Y resalt\u00f3 que, esta oficina regional tendr\u00e1 la responsabilidad de acercar a todas y todos los servicios que brinda la instituci\u00f3n defensora de derechos humanos. Para ello, reiter\u00f3 que esta oficina regional, contar\u00e1 con personal capacitado para recibir y atender las quejas o peticiones de manera presencial en sus nuevas oficinas, as\u00ed tambi\u00e9n v\u00eda telef\u00f3nica y, en su caso acudir a los domicilios de las v\u00edctimas, a fin de brindar un acompa\u00f1amiento puntual, con calidad y calidez a las v\u00edctimas, pues \u201cno se pueden defender los derechos humanos desde el escritorio\u201d.<\/p>\n\n\n\n<p>Agreg\u00f3, que en todas las regiones del Estado se instalar\u00e1n oficinas similares a \u00e9sta, a fin de fortalecer el trabajo de la Defensor\u00eda.<\/p>\n\n\n\n<p>En este sentido, la titular de la DDHPO Elizabeth Lara Rodr\u00edguez indic\u00f3 que, la oficina regional, estar\u00e1 abierta para todas las personas que acudan a presentar sus quejas o denuncias por violaciones a sus derechos humanos en la calle Isabel la Cat\u00f3lica n\u00famero 17, Colonia la Estaci\u00f3n, Ciudad Ixtepec, Oaxaca.<\/p>\n\n\n\n<p>Durante su participaci\u00f3n, la maestra y consultora de la Organizaci\u00f3n Internacional para las Migraciones, Dulce Lucia Arroyo, celebr\u00f3 la apertura de esta oficina regional, las cuales fortalecer\u00e1n las herramientas en la materia, en esta zona del Istmo.<\/p>\n\n\n\n<p>En su intervenci\u00f3n, el presb\u00edtero y director del Albergue \u00abHermanos en el Camino\u00bb, Jos\u00e9 Alejandro Solalinde Guerra se\u00f1al\u00f3 que, esta oficina regional permitir\u00e1 el fortalecimiento de la cultura de los derechos humanos en la b\u00fasqueda de una sociedad solidaria y justa, en donde todas y todos tengamos nuestro lugar.<\/p>\n\n\n\n<p>Finalmente, como parte de las actividades del acto de inauguraci\u00f3n de la nueva oficina de la DDHPO \u201cZona Istmo\u201d, se llev\u00f3 a cabo la Firma de Convenio de colaboraci\u00f3n en materia de capacitaci\u00f3n en derechos humanos con los Ayuntamientos que conforman la Ruta Migratoria, a fin de trabajar de forma coordinada en la protecci\u00f3n y defensa de los derechos humanos de las personas migrantes que transitan por esa zona.<\/p>\n","protected":false},"excerpt":{"rendered":"<p>Redacci\u00f3n\/Zona Roja. Oaxaca de Ju\u00e1rez, Oax., a 27 de julio de 2023.- La Defensor\u00eda de&hellip;<\/p>\n","protected":false},"author":2,"featured_media":58014,"comment_status":"closed","ping_status":"open","sticky":false,"template":"","format":"standard","meta":{"_lmt_disableupdate":"","_lmt_disable":"","_jetpack_memberships_contains_paid_content":false,"footnotes":""},"categories":[109,46],"tags":[286],"class_list":["post-58039","post","type-post","status-publish","format-standard","has-post-thumbnail","hentry","category-minuto-a-minuto","category-zona-blanca","tag-defensoria-de-los-derechos-humanos-del-pueblo-de-oaxaca"],"jetpack_featured_media_url":"https:\/\/zonaroja.com.mx\/wp-content\/uploads\/2023\/07\/Inauguracion-oficinas-DDHPO-Istmo.jpg","jetpack_sharing_enabled":true,"_links":{"self":[{"href":"https:\/\/zonaroja.com.mx\/index.php?rest_route=\/wp\/v2\/posts\/58039","targetHints":{"allow":["GET"]}}],"collection":[{"href":"https:\/\/zonaroja.com.mx\/index.php?rest_route=\/wp\/v2\/posts"}],"about":[{"href":"https:\/\/zonaroja.com.mx\/index.php?rest_route=\/wp\/v2\/types\/post"}],"author":[{"embeddable":true,"href":"https:\/\/zonaroja.com.mx\/index.php?rest_route=\/wp\/v2\/users\/2"}],"replies":[{"embeddable":true,"href":"https:\/\/zonaroja.com.mx\/index.php?rest_route=%2Fwp%2Fv2%2Fcomments&post=58039"}],"version-history":[{"count":1,"href":"https:\/\/zonaroja.com.mx\/index.php?rest_route=\/wp\/v2\/posts\/58039\/revisions"}],"predecessor-version":[{"id":58040,"href":"https:\/\/zonaroja.com.mx\/index.php?rest_route=\/wp\/v2\/posts\/58039\/revisions\/58040"}],"wp:featuredmedia":[{"embeddable":true,"href":"https:\/\/zonaroja.com.mx\/index.php?rest_route=\/wp\/v2\/media\/58014"}],"wp:attachment":[{"href":"https:\/\/zonaroja.com.mx\/index.php?rest_route=%2Fwp%2Fv2%2Fmedia&parent=58039"}],"wp:term":[{"taxonomy":"category","embeddable":true,"href":"https:\/\/zonaroja.com.mx\/index.php?rest_route=%2Fwp%2Fv2%2Fcategories&post=58039"},{"taxonomy":"post_tag","embeddable":true,"href":"https:\/\/zonaroja.com.mx\/index.php?rest_route=%2Fwp%2Fv2%2Ftags&post=58039"}],"curies":[{"name":"wp","href":"https:\/\/api.w.org\/{rel}","templated":true}]}}