{"id":58041,"date":"2023-07-27T20:03:21","date_gmt":"2023-07-28T01:03:21","guid":{"rendered":"http:\/\/www.zonaroja.com.mx\/?p=58041"},"modified":"2023-07-27T20:03:22","modified_gmt":"2023-07-28T01:03:22","slug":"encuentran-mas-de-8-mil-expedientes-rezagados-en-extinto-tjao-nuevo-tribunal-sesiona","status":"publish","type":"post","link":"https:\/\/zonaroja.com.mx\/?p=58041","title":{"rendered":"Encuentran m\u00e1s de 8 mil expedientes rezagados en extinto TJAO; nuevo Tribunal sesiona"},"content":{"rendered":"\n<p>Yuridiana Sosa\/Zona Roja.<\/p>\n\n\n\n<p>Oaxaca de Ju\u00e1rez, Oax., a 27 de julio de 2023.- A cinco d\u00edas de su creaci\u00f3n, el Tribunal de Justicia Administrativa y Combate a la Corrupci\u00f3n realiz\u00f3 su primera sesi\u00f3n de pleno en la que se realizaron designaciones importantes, mientras que el titular del \u00f3rgano, Mateo Mart\u00ednez Mart\u00ednez, se\u00f1al\u00f3 que el reto es acabar con el rezago de m\u00e1s de ocho mil expedientes que dej\u00f3 el antiguo TJAO.<\/p>\n\n\n\n<p>En entrevista colectiva, el primer presidente del nuevo \u00f3rgano, asever\u00f3 que se enfrentan con distintos retos para poder cumplir con la ciudadan\u00eda que conf\u00eda en este \u00f3rgano para alcanzar justicia.<\/p>\n\n\n\n<p>Entre ellos, dijo, abatir el rezago de ocho mil expedientes y con el presupuesto destinado para este a\u00f1o dotar de personal adecuado para las salas que se crearon, es decir, se podr\u00eda duplicar el personal administrativo para desahogar el trabajo jurisdiccional.<\/p>\n\n\n\n<p>Estas acciones ser\u00e1n posibles al reducirse la cantidad de magistrados y eliminarse sueldos onerosos, y con esto ocupar el presupuesto de manera efectiva para dar atenci\u00f3n.<\/p>\n\n\n\n<p>Mart\u00ednez Mart\u00ednez agreg\u00f3 que el tema de las investigaciones por presuntos actos de corrupci\u00f3n en el extinto Tribunal de Justicia Administrativa de Oaxaca se realizar\u00e1n, de ser necesarias, conforme avancen en el trabajo.<\/p>\n\n\n\n<p>Por ahora la prioridad del nuevo Tribunal es la atenci\u00f3n de asuntos administrativos y tras ello se indagar\u00e1n las probables irregularidades, dijo.<\/p>\n\n\n\n<p>As\u00ed tambi\u00e9n, entre las acciones que realizan es la revisi\u00f3n del personal, el cual por el momento se mantendr\u00e1 tanto para los de base como de confianza, pues ya existe un presupuesto asignado para este a\u00f1o, aunque la prestaci\u00f3n del servicio se modific\u00f3 en torno a contratos.<\/p>\n\n\n\n<p>Agreg\u00f3 que tambi\u00e9n est\u00e1n enfocados en la revisi\u00f3n de expedientes y presupuesto, y tras ellos determinar\u00edan las v\u00edas a tomar para las posibles investigaciones por corrupci\u00f3n, lo cual se dar\u00e1 a conocer en su momento.<\/p>\n\n\n\n<p>\u201cEs importante decir que por fin va haber un Tribunal que conozca de las controversias que existen en caso de que sientan vulnerados sus derechos cuando van a ejercer alg\u00fan acto administrativo\u201d, expres\u00f3 el presidente del nuevo Tribunal<\/p>\n\n\n\n<figure class=\"wp-block-embed is-type-rich is-provider-twitter wp-block-embed-twitter\"><div class=\"wp-block-embed__wrapper\">\n<div class=\"twitter-tweet\"><blockquote class=\"twitter-tweet\" data-lang=\"es\"><p lang=\"es\" dir=\"ltr\"><a href=\"https:\/\/twitter.com\/hashtag\/%C3%9AltimoMinuto?src=hash&amp;ref_src=twsrc%5Etfw\">#\u00daltimoMinuto<\/a><br>Se hall\u00f3 un rezago de m\u00e1s de ocho mil expedientes. <br>Se respetar\u00e1n los derechos de los trabajadores. <br>Por el momento est\u00e1n abocados a los asuntos administrativos y tras ello se indagar\u00e1n las probables irregularidades.<br>Quien se considere afectado por la creaci\u00f3n del\u2026 <a href=\"https:\/\/t.co\/Pbpbj16iiI\">pic.twitter.com\/Pbpbj16iiI<\/a><\/p>&mdash; Zona Roja Oaxaca (@ZonaRoja_Oaxaca) <a href=\"https:\/\/twitter.com\/ZonaRoja_Oaxaca\/status\/1684640855368613888?ref_src=twsrc%5Etfw\">27 de julio de 2023<\/a><\/blockquote><\/div>\n<\/div><\/figure>\n\n\n\n<p>DERECHOS A SALVO<\/p>\n\n\n\n<p>Respecto a las inconformidades por la creaci\u00f3n del nuevo \u00f3rgano, Mateo Mart\u00ednez apunt\u00f3 que los inconformes pueden recurrir a instancias correspondientes, as\u00ed como ellos responder\u00edan a la demanda.<\/p>\n\n\n\n<p>El presidente del Tribunal de Justicia Administrativa y Combate a la Corrupci\u00f3n detall\u00f3 que desde el pasado 22 de julio se encontr\u00f3 la sede del tribunal sin personal debido a que todos se encontraban de vacaciones, sin embargo, en los siguientes d\u00edas se present\u00f3 el personal.<\/p>\n\n\n\n<p>Tras la convocatoria, primero de los titulares de las \u00e1reas, el resto del personal de las diferentes magistraturas se han presentado a partir del lunes, lo cual ha sido importante para el progreso del nuevo trabajo.<\/p>\n\n\n\n<p>HUBO SESI\u00d3N<\/p>\n\n\n\n<p>Durante la sesi\u00f3n de este jueves, el pleno del Tribunal de Justicia Administrativa y Combate a la Corrupci\u00f3n tom\u00f3 protesta al secretario General de Acuerdos y al director Administrativo.<\/p>\n\n\n\n<p>En la secretar\u00eda General fue asignada Lizbeth Jessica Gallardo Mart\u00ednez y en la direcci\u00f3n Administrativa, Jorge Guadalupe Manuel Luna.<\/p>\n\n\n\n<p>As\u00ed tambi\u00e9n, se determin\u00f3 que en la Sala Especializada en Controversias entre los Municipios y sus Agencias quede a cargo de la magistrada&nbsp; Anneliese Danae Echeverr\u00eda Clavel.<\/p>\n\n\n\n<p>En la sesi\u00f3n estuvieron presentes los magistrados y magistradas Manuel de Jes\u00fas L\u00f3pez L\u00f3pez, Itzel Espinoza Rojas, Amparo Arias, Ra\u00fal Osvaldo Bernal Flores, Javier Villanueva Hern\u00e1ndez y Anneliese Danae Echeverr\u00eda Clavel.<\/p>\n\n\n\n<figure class=\"wp-block-embed is-type-rich is-provider-twitter wp-block-embed-twitter\"><div class=\"wp-block-embed__wrapper\">\n<div class=\"twitter-tweet\"><blockquote class=\"twitter-tweet\" data-lang=\"es\"><p lang=\"es\" dir=\"ltr\"><a href=\"https:\/\/twitter.com\/hashtag\/%C3%9AltimoMinuto?src=hash&amp;ref_src=twsrc%5Etfw\">#\u00daltimoMinuto<\/a> <br>Tras las designaciones del <a href=\"https:\/\/twitter.com\/CongresoOaxaca_?ref_src=twsrc%5Etfw\">@CongresoOaxaca_<\/a> el pasado s\u00e1bado, este jueves el pleno del Tribunal de Justicia Administrativa y Combate a la Corrupci\u00f3n lleva a cabo su primera sesi\u00f3n, en que elige al secretario General de Acuerdos y el responsable administrativo. <a href=\"https:\/\/t.co\/5E2bq4UtKy\">pic.twitter.com\/5E2bq4UtKy<\/a><\/p>&mdash; Zona Roja Oaxaca (@ZonaRoja_Oaxaca) <a href=\"https:\/\/twitter.com\/ZonaRoja_Oaxaca\/status\/1684631082749288448?ref_src=twsrc%5Etfw\">27 de julio de 2023<\/a><\/blockquote><\/div>\n<\/div><\/figure>\n","protected":false},"excerpt":{"rendered":"<p>Yuridiana Sosa\/Zona Roja. Oaxaca de Ju\u00e1rez, Oax., a 27 de julio de 2023.- A cinco&hellip;<\/p>\n","protected":false},"author":2,"featured_media":58042,"comment_status":"closed","ping_status":"open","sticky":false,"template":"","format":"standard","meta":{"_lmt_disableupdate":"","_lmt_disable":"","_jetpack_memberships_contains_paid_content":false,"footnotes":""},"categories":[109,46],"tags":[],"class_list":["post-58041","post","type-post","status-publish","format-standard","has-post-thumbnail","hentry","category-minuto-a-minuto","category-zona-blanca"],"jetpack_featured_media_url":"https:\/\/zonaroja.com.mx\/wp-content\/uploads\/2023\/07\/Sesion-Tribunal-de-Justicia-Administrativa.jpg","jetpack_sharing_enabled":true,"_links":{"self":[{"href":"https:\/\/zonaroja.com.mx\/index.php?rest_route=\/wp\/v2\/posts\/58041","targetHints":{"allow":["GET"]}}],"collection":[{"href":"https:\/\/zonaroja.com.mx\/index.php?rest_route=\/wp\/v2\/posts"}],"about":[{"href":"https:\/\/zonaroja.com.mx\/index.php?rest_route=\/wp\/v2\/types\/post"}],"author":[{"embeddable":true,"href":"https:\/\/zonaroja.com.mx\/index.php?rest_route=\/wp\/v2\/users\/2"}],"replies":[{"embeddable":true,"href":"https:\/\/zonaroja.com.mx\/index.php?rest_route=%2Fwp%2Fv2%2Fcomments&post=58041"}],"version-history":[{"count":1,"href":"https:\/\/zonaroja.com.mx\/index.php?rest_route=\/wp\/v2\/posts\/58041\/revisions"}],"predecessor-version":[{"id":58044,"href":"https:\/\/zonaroja.com.mx\/index.php?rest_route=\/wp\/v2\/posts\/58041\/revisions\/58044"}],"wp:featuredmedia":[{"embeddable":true,"href":"https:\/\/zonaroja.com.mx\/index.php?rest_route=\/wp\/v2\/media\/58042"}],"wp:attachment":[{"href":"https:\/\/zonaroja.com.mx\/index.php?rest_route=%2Fwp%2Fv2%2Fmedia&parent=58041"}],"wp:term":[{"taxonomy":"category","embeddable":true,"href":"https:\/\/zonaroja.com.mx\/index.php?rest_route=%2Fwp%2Fv2%2Fcategories&post=58041"},{"taxonomy":"post_tag","embeddable":true,"href":"https:\/\/zonaroja.com.mx\/index.php?rest_route=%2Fwp%2Fv2%2Ftags&post=58041"}],"curies":[{"name":"wp","href":"https:\/\/api.w.org\/{rel}","templated":true}]}}