{"id":58045,"date":"2023-07-27T20:09:09","date_gmt":"2023-07-28T01:09:09","guid":{"rendered":"http:\/\/www.zonaroja.com.mx\/?p=58045"},"modified":"2023-07-27T20:09:11","modified_gmt":"2023-07-28T01:09:11","slug":"exhorta-congreso-de-oaxaca-a-mayor-seguridad-en-el-estado-sego-reconoce-violencia-en-junio","status":"publish","type":"post","link":"https:\/\/zonaroja.com.mx\/?p=58045","title":{"rendered":"Exhorta Congreso de Oaxaca a mayor seguridad en el estado; Sego reconoce violencia en junio"},"content":{"rendered":"\n<p>Yuridiana Sosa\/Zona Roja.<\/p>\n\n\n\n<p>Oaxaca de Ju\u00e1rez, Oax., 27 de julio de 2023.- La inseguridad y el aumento de la incidencia delictiva en Oaxaca volvi\u00f3 a ser motivo de un exhorto y un posicionamiento desde la 65 Legislatura local, para llamar a las autoridades y poderes del estado a actuar a favor de los oaxaque\u00f1os.<\/p>\n\n\n\n<p>Con 25 votos a favor, el Congreso del Estado aprob\u00f3 un exhorto dirigido al comandante de la Guardia Nacional, al titular de la Secretar\u00eda de Seguridad P\u00fablica del Gobierno de Puebla y al titular de la Secretar\u00eda de Seguridad P\u00fablica y Protecci\u00f3n Ciudadana de Oaxaca, para que de manera coordinada realicen acciones en materia de seguridad p\u00fablica en v\u00edas carreteras en las que se han reportado diversos delitos.<\/p>\n\n\n\n<p>El proyecto de acuerdo demanda a dichas autoridades a implementar operativos y otras medidas de seguridad para prevenir robos y extorsiones a transportistas en las carreteras federales 135 Cuacnopalan-Oaxaca y 150 Acatzingo-Ciudad Mendoza, entre las casetas de Amozoc y Huitzo.<\/p>\n\n\n\n<p>As\u00ed tambi\u00e9n operativos en la carretera que conduce a la regi\u00f3n mixteca de Oaxaca y la carretera de Huajuapan de Le\u00f3n a Tehuac\u00e1n, Puebla, para salvaguardar la integridad y seguridad de las personas, y el restablecimiento del orden y la paz p\u00fablica.<\/p>\n\n\n\n<figure class=\"wp-block-embed is-type-rich is-provider-twitter wp-block-embed-twitter\"><div class=\"wp-block-embed__wrapper\">\n<div class=\"twitter-tweet\"><blockquote class=\"twitter-tweet\" data-lang=\"es\"><p lang=\"es\" dir=\"ltr\">1. El pleno del <a href=\"https:\/\/twitter.com\/CongresoOaxaca_?ref_src=twsrc%5Etfw\">@CongresoOaxaca_<\/a> aprob\u00f3 ayer un exhorto dirigido a las autoridades estatales y federales, entre ellas la <a href=\"https:\/\/twitter.com\/SSPC_GobOax?ref_src=twsrc%5Etfw\">@SSPC_GobOax<\/a> y la <a href=\"https:\/\/twitter.com\/GN_MEXICO_?ref_src=twsrc%5Etfw\">@GN_MEXICO_<\/a>, para que se refuercen los operativos de vigilancia en carreteras de la regi\u00f3n Mixteca y en la colindancia con el estado de\u2026 <a href=\"https:\/\/t.co\/GlElTBSQxr\">pic.twitter.com\/GlElTBSQxr<\/a><\/p>&mdash; Zona Roja Oaxaca (@ZonaRoja_Oaxaca) <a href=\"https:\/\/twitter.com\/ZonaRoja_Oaxaca\/status\/1684693323674447872?ref_src=twsrc%5Etfw\">27 de julio de 2023<\/a><\/blockquote><\/div>\n<\/div><\/figure>\n\n\n\n<p>CONGRESO DEBE ACTUAR<\/p>\n\n\n\n<p>Por otra parte, ante el incremento de hechos violentos en la entidad, la diputada por el Partido Unidad Popular, X\u00f3chitl Jazm\u00edn Vel\u00e1zquez V\u00e1squez, critic\u00f3 la falta de trabajo efectivo en materia de seguridad, pero tambi\u00e9n abulia del Congreso de Oaxaca para garantizar ese derecho.<\/p>\n\n\n\n<p>En su intervenci\u00f3n, en asuntos generales, la legisladora puntualiz\u00f3 la comisi\u00f3n de m\u00e1s de tres mil 600 delitos en junio, con una mayor incidencia en robo a veh\u00edculos, casa habitaci\u00f3n y un incremento del 14 por ciento en delitos sexuales en comparaci\u00f3n al a\u00f1o anterior.<\/p>\n\n\n\n<p>Lament\u00f3 que el a\u00f1o 2023, cuando se supone que se instal\u00f3 la \u201cprimavera oaxaque\u00f1a\u201d se considere por sus cifras hasta ahora, como el m\u00e1s violento de acuerdo a las denuncias ante la Fiscal\u00eda de Oaxaca.<\/p>\n\n\n\n<p>\u201cResulta necesario que las instituciones encargadas de la seguridad de Oaxaca implementen estrategias efectivas de prevenci\u00f3n del delito para generar tranquilidad y la paz que anhelamos miles de oaxaque\u00f1os\u201d, manifest\u00f3.<\/p>\n\n\n\n<p>Pero tambi\u00e9n, se\u00f1al\u00f3 que el cambio en la entidad no depende s\u00f3lo del Poder Ejecutivo, pues desde la 65 Legislatura no se ha trabajado lo suficiente, por lo que llam\u00f3 a hacer equipo.<\/p>\n\n\n\n<figure class=\"wp-block-embed is-type-rich is-provider-twitter wp-block-embed-twitter\"><div class=\"wp-block-embed__wrapper\">\n<div class=\"twitter-tweet\"><blockquote class=\"twitter-tweet\" data-lang=\"es\"><p lang=\"es\" dir=\"ltr\">La diputada por el Partido Unidad Popular, X\u00f3chitl Jazm\u00edn Vel\u00e1squez, lament\u00f3 desde el <a href=\"https:\/\/twitter.com\/CongresoOaxaca_?ref_src=twsrc%5Etfw\">@CongresoOaxaca_<\/a> el grave incremento de los delitos en general y en contra de las mujeres en el estado de Oaxaca; \u201cqu\u00e9 lamentable, porque estamos en el a\u00f1o de la primavera\u2026 Resulta necesario\u2026 <a href=\"https:\/\/t.co\/UPELPtpmWC\">pic.twitter.com\/UPELPtpmWC<\/a><\/p>&mdash; Zona Roja Oaxaca (@ZonaRoja_Oaxaca) <a href=\"https:\/\/twitter.com\/ZonaRoja_Oaxaca\/status\/1684713672281612289?ref_src=twsrc%5Etfw\">27 de julio de 2023<\/a><\/blockquote><\/div>\n<\/div><\/figure>\n\n\n\n<p>RECONOCE SEGO INCREMENTO<\/p>\n\n\n\n<p>La v\u00edspera, el secretario de Gobierno de Oaxaca, Jes\u00fas Romero, reconoci\u00f3 que junio ha sido el mes con la mayor incidencia en homicidios dolosos en lo que va de la actual admiraci\u00f3n estatal.<\/p>\n\n\n\n<p>A nivel nacional, Oaxaca ocup\u00f3 el lugar 13 por el delito de homicidio doloso, con 89 hechos, mientras que en feminicidios tambi\u00e9n repunta en el noveno sitio.<\/p>\n\n\n\n<p>El funcionario agreg\u00f3 que en la incidencia general de delitos la entidad a\u00fan se encuentra entre las siete con menos hechos, en tanto que para el mes de julio se tienen mejores expectativas por el trabajo que se realiza.<\/p>\n\n\n\n<p>Detall\u00f3 que por el delito de secuestro Oaxaca ocupa el lugar 11; robo a veh\u00edculo, 27; extorsi\u00f3n, 22; trata de personas, 16; robo a casa habitaci\u00f3n, 24; robo a transporte, ocho; robo a transe\u00fante, nueve; robo a negocio, 23; narcomenudeo,30; lesiones dolosas, 18; violencia familia, 21 y violaci\u00f3n, 18.<\/p>\n\n\n\n<figure class=\"wp-block-embed is-type-rich is-provider-twitter wp-block-embed-twitter\"><div class=\"wp-block-embed__wrapper\">\n<div class=\"twitter-tweet\"><blockquote class=\"twitter-tweet\" data-lang=\"es\"><p lang=\"es\" dir=\"ltr\"><a href=\"https:\/\/twitter.com\/hashtag\/%C3%9AltimoMinuto?src=hash&amp;ref_src=twsrc%5Etfw\">#\u00daltimoMinuto<\/a><br>Cifras oficiales confirman que junio es el mes con m\u00e1s homicidios dolosos en <a href=\"https:\/\/twitter.com\/hashtag\/Oaxaca?src=hash&amp;ref_src=twsrc%5Etfw\">#Oaxaca<\/a>, que lo sit\u00faa en el lugar 13 a nivel nacional; tambi\u00e9n, en feminicidios es alto el n\u00famero y lo coloca en el lugar nueve del pa\u00eds. <br>Escuche detalles de la conferencia de prensa del\u2026 <a href=\"https:\/\/t.co\/7kqxrOaoSv\">pic.twitter.com\/7kqxrOaoSv<\/a><\/p>&mdash; Zona Roja Oaxaca (@ZonaRoja_Oaxaca) <a href=\"https:\/\/twitter.com\/ZonaRoja_Oaxaca\/status\/1684256468697239553?ref_src=twsrc%5Etfw\">26 de julio de 2023<\/a><\/blockquote><\/div>\n<\/div><\/figure>\n","protected":false},"excerpt":{"rendered":"<p>Yuridiana Sosa\/Zona Roja. Oaxaca de Ju\u00e1rez, Oax., 27 de julio de 2023.- La inseguridad y&hellip;<\/p>\n","protected":false},"author":2,"featured_media":58046,"comment_status":"closed","ping_status":"open","sticky":false,"template":"","format":"standard","meta":{"_lmt_disableupdate":"","_lmt_disable":"","_jetpack_memberships_contains_paid_content":false,"footnotes":""},"categories":[109,47],"tags":[2743],"class_list":["post-58045","post","type-post","status-publish","format-standard","has-post-thumbnail","hentry","category-minuto-a-minuto","category-zona-gris","tag-65-legislatura-del-estado-de-oaxaca"],"jetpack_featured_media_url":"https:\/\/zonaroja.com.mx\/wp-content\/uploads\/2023\/07\/Sesion-Congreso-del-Estado.jpg","jetpack_sharing_enabled":true,"_links":{"self":[{"href":"https:\/\/zonaroja.com.mx\/index.php?rest_route=\/wp\/v2\/posts\/58045","targetHints":{"allow":["GET"]}}],"collection":[{"href":"https:\/\/zonaroja.com.mx\/index.php?rest_route=\/wp\/v2\/posts"}],"about":[{"href":"https:\/\/zonaroja.com.mx\/index.php?rest_route=\/wp\/v2\/types\/post"}],"author":[{"embeddable":true,"href":"https:\/\/zonaroja.com.mx\/index.php?rest_route=\/wp\/v2\/users\/2"}],"replies":[{"embeddable":true,"href":"https:\/\/zonaroja.com.mx\/index.php?rest_route=%2Fwp%2Fv2%2Fcomments&post=58045"}],"version-history":[{"count":1,"href":"https:\/\/zonaroja.com.mx\/index.php?rest_route=\/wp\/v2\/posts\/58045\/revisions"}],"predecessor-version":[{"id":58047,"href":"https:\/\/zonaroja.com.mx\/index.php?rest_route=\/wp\/v2\/posts\/58045\/revisions\/58047"}],"wp:featuredmedia":[{"embeddable":true,"href":"https:\/\/zonaroja.com.mx\/index.php?rest_route=\/wp\/v2\/media\/58046"}],"wp:attachment":[{"href":"https:\/\/zonaroja.com.mx\/index.php?rest_route=%2Fwp%2Fv2%2Fmedia&parent=58045"}],"wp:term":[{"taxonomy":"category","embeddable":true,"href":"https:\/\/zonaroja.com.mx\/index.php?rest_route=%2Fwp%2Fv2%2Fcategories&post=58045"},{"taxonomy":"post_tag","embeddable":true,"href":"https:\/\/zonaroja.com.mx\/index.php?rest_route=%2Fwp%2Fv2%2Ftags&post=58045"}],"curies":[{"name":"wp","href":"https:\/\/api.w.org\/{rel}","templated":true}]}}