{"id":58048,"date":"2023-07-27T20:21:38","date_gmt":"2023-07-28T01:21:38","guid":{"rendered":"http:\/\/www.zonaroja.com.mx\/?p=58048"},"modified":"2023-07-27T20:21:40","modified_gmt":"2023-07-28T01:21:40","slug":"ejecutan-a-balazos-a-dos-personas-en-oaxaca-este-jueves","status":"publish","type":"post","link":"https:\/\/zonaroja.com.mx\/?p=58048","title":{"rendered":"Ejecutan a balazos a dos personas en Oaxaca, este jueves"},"content":{"rendered":"\n<p>Ismael Garc\u00eda M.\/Zona Roja.<\/p>\n\n\n\n<p>Oaxaca de Ju\u00e1rez, Oax., a 27 de julio de 2023.- Dos personas han sido ejecutadas a balazos en Oaxaca en el transcurso de este jueves.<\/p>\n\n\n\n<p>El m\u00e1s reciente caso ocurri\u00f3 en la carretera antigua a Monte Alb\u00e1n, jurisdicci\u00f3n de la agencia de San Mart\u00edn Mexic\u00e1pam, municipio de Oaxaca de Ju\u00e1rez.<\/p>\n\n\n\n<p>Sujetos armados dispararon en contra de un motociclista, quien cay\u00f3 de inmediato en el pavimento.<\/p>\n\n\n\n<p>Param\u00e9dicos de la Cruz Roja Mexicana arribaron al sitio para brindarle los primeros auxilios, pero corroboraron que la v\u00edctima ya no contaba con signos vitales; hasta el momento no se ha dado a conocer su identidad y s\u00f3lo se sabe que le dec\u00edan \u201cEl Mollejas\u201d.<\/p>\n\n\n\n<p>Horas antes, en Mat\u00edas Romero Avenda\u00f1o, municipio de la regi\u00f3n del Istmo de Tehuantepec, una persona del sexo masculino fue ejecutada afuera de su domicilio.<\/p>\n\n\n\n<p>El crimen ocurri\u00f3 en la calle Moctezuma de la colonia Hidalgo Norte y la v\u00edctima fue identificada de manera preliminar como Irving S. Otra persona result\u00f3 lesionada de bala en el mismo hecho, por lo cual fue trasladada a un hospital.<\/p>\n","protected":false},"excerpt":{"rendered":"<p>Ismael Garc\u00eda M.\/Zona Roja. Oaxaca de Ju\u00e1rez, Oax., a 27 de julio de 2023.- Dos&hellip;<\/p>\n","protected":false},"author":2,"featured_media":58043,"comment_status":"closed","ping_status":"open","sticky":false,"template":"","format":"standard","meta":{"_lmt_disableupdate":"","_lmt_disable":"","_jetpack_memberships_contains_paid_content":false,"footnotes":""},"categories":[109,51],"tags":[228,148],"class_list":["post-58048","post","type-post","status-publish","format-standard","has-post-thumbnail","hentry","category-minuto-a-minuto","category-zona-roja","tag-matias-romero-avendano","tag-oaxaca-de-juarez"],"jetpack_featured_media_url":"https:\/\/zonaroja.com.mx\/wp-content\/uploads\/2023\/07\/Ejecutado-carretera-a-Monte-Alban-ciudad-de-Oaxaca.jpg","jetpack_sharing_enabled":true,"_links":{"self":[{"href":"https:\/\/zonaroja.com.mx\/index.php?rest_route=\/wp\/v2\/posts\/58048","targetHints":{"allow":["GET"]}}],"collection":[{"href":"https:\/\/zonaroja.com.mx\/index.php?rest_route=\/wp\/v2\/posts"}],"about":[{"href":"https:\/\/zonaroja.com.mx\/index.php?rest_route=\/wp\/v2\/types\/post"}],"author":[{"embeddable":true,"href":"https:\/\/zonaroja.com.mx\/index.php?rest_route=\/wp\/v2\/users\/2"}],"replies":[{"embeddable":true,"href":"https:\/\/zonaroja.com.mx\/index.php?rest_route=%2Fwp%2Fv2%2Fcomments&post=58048"}],"version-history":[{"count":1,"href":"https:\/\/zonaroja.com.mx\/index.php?rest_route=\/wp\/v2\/posts\/58048\/revisions"}],"predecessor-version":[{"id":58049,"href":"https:\/\/zonaroja.com.mx\/index.php?rest_route=\/wp\/v2\/posts\/58048\/revisions\/58049"}],"wp:featuredmedia":[{"embeddable":true,"href":"https:\/\/zonaroja.com.mx\/index.php?rest_route=\/wp\/v2\/media\/58043"}],"wp:attachment":[{"href":"https:\/\/zonaroja.com.mx\/index.php?rest_route=%2Fwp%2Fv2%2Fmedia&parent=58048"}],"wp:term":[{"taxonomy":"category","embeddable":true,"href":"https:\/\/zonaroja.com.mx\/index.php?rest_route=%2Fwp%2Fv2%2Fcategories&post=58048"},{"taxonomy":"post_tag","embeddable":true,"href":"https:\/\/zonaroja.com.mx\/index.php?rest_route=%2Fwp%2Fv2%2Ftags&post=58048"}],"curies":[{"name":"wp","href":"https:\/\/api.w.org\/{rel}","templated":true}]}}