{"id":58053,"date":"2023-07-27T22:08:04","date_gmt":"2023-07-28T03:08:04","guid":{"rendered":"http:\/\/www.zonaroja.com.mx\/?p=58053"},"modified":"2023-07-27T22:08:07","modified_gmt":"2023-07-28T03:08:07","slug":"reves-de-scjn-al-congreso-ordena-restituir-a-tribunal-de-justicia-administrativa-y-magistrados","status":"publish","type":"post","link":"https:\/\/zonaroja.com.mx\/?p=58053","title":{"rendered":"Rev\u00e9s de SCJN al Congreso: ordena restituir a Tribunal de Justicia Administrativa y magistrados"},"content":{"rendered":"\n<p>Redacci\u00f3n.\/Zona Roja.<\/p>\n\n\n\n<p>Oaxaca de Ju\u00e1rez, Oax., a 27 de julio de 2023.- La Comisi\u00f3n de Receso de la Suprema Corte de Justicia de la Naci\u00f3n (La Corte) admiti\u00f3 a tr\u00e1mite la Controversia Constitucional 396\/2023, que impugna el decreto por el que se sustituye el Tribunal de Justicia Administrativa del Estado de Oaxaca por el Tribunal de Justicia Administrativa y Combate a la Corrupci\u00f3n de dicha entidad, aprobado el s\u00e1bado 22 de julio por el Congreso estatal.<\/p>\n\n\n\n<p>Asimismo, los ministros Alberto P\u00e9rez Day\u00e1n y Alfredo Guti\u00e9rrez Ortiz Mena, integrantes de la Comisi\u00f3n de Receso de la Corte, concedieron la suspensi\u00f3n del decreto para que las magistradas y los magistrados del Tribunal de Justicia<\/p>\n\n\n\n<p>Administrativa del Estado de Oaxaca sigan en el cargo que les fue conferido y no les sustituyan las personas nombradas en esta sesi\u00f3n extraordinaria, no se d\u00e9 curso a la indemnizaci\u00f3n a la que se refiere el decreto y no se les interrumpa el pago de sus percepciones.<\/p>\n\n\n\n<p>Ante todo, se concede la suspensi\u00f3n del decreto para asegurar que las personas habitantes de Oaxaca cuenten con un Tribunal ante el cual dirimir sus diferencias frente a la administraci\u00f3n p\u00fablica estatal y evitar una vulneraci\u00f3n del derecho humano a la impartici\u00f3n de justicia pronta y expedita, previsto en el art\u00edculo 17 Constitucional, ya que esta medida cautelar tambi\u00e9n tiene por efecto que las funciones del actual Tribunal de Justicia Administrativa del Estado de Oaxaca no se modifiquen y que el Congreso se abstenga de realizar la reasignaci\u00f3n presupuestal que ordena el decreto cuestionado.<\/p>\n\n\n\n<p>Conforme al procedimiento establecido, la Corte comenzar\u00e1 a analizar si la reforma de la que deriv\u00f3 el decreto impugnado sigui\u00f3 el procedimiento legislativo que se define en la Constituci\u00f3n y, en su caso, si el contenido del decreto cumple con los principios establecidos en \u00e9sta.<\/p>\n\n\n\n<p>(Comunicado)<\/p>\n\n\n\n<figure class=\"wp-block-embed is-type-rich is-provider-twitter wp-block-embed-twitter\"><div class=\"wp-block-embed__wrapper\">\n<div class=\"twitter-tweet\"><blockquote class=\"twitter-tweet\" data-lang=\"es\"><p lang=\"es\" dir=\"ltr\"><a href=\"https:\/\/twitter.com\/hashtag\/%C3%9AltimoMinuto?src=hash&amp;ref_src=twsrc%5Etfw\">#\u00daltimoMinuto<\/a><br>La Comisi\u00f3n de Receso de la Suprema Corte de Justicia de la Naci\u00f3n (<a href=\"https:\/\/twitter.com\/SCJN?ref_src=twsrc%5Etfw\">@SCJN<\/a>) admiti\u00f3 a tr\u00e1mite la Controversia Constitucional 396\/2023, que impugna el decreto por el que se sustituye el Tribunal de Justicia Administrativa del Estado de Oaxaca por el Tribunal de\u2026 <a href=\"https:\/\/t.co\/K2hu5224lj\">pic.twitter.com\/K2hu5224lj<\/a><\/p>&mdash; Zona Roja Oaxaca (@ZonaRoja_Oaxaca) <a href=\"https:\/\/twitter.com\/ZonaRoja_Oaxaca\/status\/1684743750784827392?ref_src=twsrc%5Etfw\">28 de julio de 2023<\/a><\/blockquote><\/div>\n<\/div><\/figure>\n","protected":false},"excerpt":{"rendered":"<p>Redacci\u00f3n.\/Zona Roja. Oaxaca de Ju\u00e1rez, Oax., a 27 de julio de 2023.- La Comisi\u00f3n de&hellip;<\/p>\n","protected":false},"author":2,"featured_media":58054,"comment_status":"closed","ping_status":"open","sticky":false,"template":"","format":"standard","meta":{"_lmt_disableupdate":"","_lmt_disable":"","_jetpack_memberships_contains_paid_content":false,"footnotes":""},"categories":[109,47],"tags":[2878,3625],"class_list":["post-58053","post","type-post","status-publish","format-standard","has-post-thumbnail","hentry","category-minuto-a-minuto","category-zona-gris","tag-suprema-corte-de-justicia-de-la-nacion-scjn","tag-tribunal-de-justicia-administrativa-y-combate-a-la-corrupcion"],"jetpack_featured_media_url":"https:\/\/zonaroja.com.mx\/wp-content\/uploads\/2023\/07\/Sesion-Congreso-Oaxaca-nuevos-magistrados-Tribunal-de-Justicia-Administrativa.jpeg","jetpack_sharing_enabled":true,"_links":{"self":[{"href":"https:\/\/zonaroja.com.mx\/index.php?rest_route=\/wp\/v2\/posts\/58053","targetHints":{"allow":["GET"]}}],"collection":[{"href":"https:\/\/zonaroja.com.mx\/index.php?rest_route=\/wp\/v2\/posts"}],"about":[{"href":"https:\/\/zonaroja.com.mx\/index.php?rest_route=\/wp\/v2\/types\/post"}],"author":[{"embeddable":true,"href":"https:\/\/zonaroja.com.mx\/index.php?rest_route=\/wp\/v2\/users\/2"}],"replies":[{"embeddable":true,"href":"https:\/\/zonaroja.com.mx\/index.php?rest_route=%2Fwp%2Fv2%2Fcomments&post=58053"}],"version-history":[{"count":1,"href":"https:\/\/zonaroja.com.mx\/index.php?rest_route=\/wp\/v2\/posts\/58053\/revisions"}],"predecessor-version":[{"id":58055,"href":"https:\/\/zonaroja.com.mx\/index.php?rest_route=\/wp\/v2\/posts\/58053\/revisions\/58055"}],"wp:featuredmedia":[{"embeddable":true,"href":"https:\/\/zonaroja.com.mx\/index.php?rest_route=\/wp\/v2\/media\/58054"}],"wp:attachment":[{"href":"https:\/\/zonaroja.com.mx\/index.php?rest_route=%2Fwp%2Fv2%2Fmedia&parent=58053"}],"wp:term":[{"taxonomy":"category","embeddable":true,"href":"https:\/\/zonaroja.com.mx\/index.php?rest_route=%2Fwp%2Fv2%2Fcategories&post=58053"},{"taxonomy":"post_tag","embeddable":true,"href":"https:\/\/zonaroja.com.mx\/index.php?rest_route=%2Fwp%2Fv2%2Ftags&post=58053"}],"curies":[{"name":"wp","href":"https:\/\/api.w.org\/{rel}","templated":true}]}}