{"id":58056,"date":"2023-07-27T22:25:26","date_gmt":"2023-07-28T03:25:26","guid":{"rendered":"http:\/\/www.zonaroja.com.mx\/?p=58056"},"modified":"2023-07-27T22:25:28","modified_gmt":"2023-07-28T03:25:28","slug":"jueves-mortal-suman-cinco-crimenes-en-oaxaca-dos-son-probable-feminicidio","status":"publish","type":"post","link":"https:\/\/zonaroja.com.mx\/?p=58056","title":{"rendered":"Jueves mortal: suman cinco cr\u00edmenes en Oaxaca; dos son probable feminicidio"},"content":{"rendered":"\n<p>Redacci\u00f3n\/Zona Roja.<\/p>\n\n\n\n<p>Oaxaca de Ju\u00e1rez, Oax., a 27 de julio de 2023.- A cinco ascendi\u00f3 el n\u00famero de personas asesinadas en Oaxaca, entre ellas dos probables feminicidios, y la mayor\u00eda de los cr\u00edmenes fueron cometidos en la regi\u00f3n del Istmo.<\/p>\n\n\n\n<p>La tarde de hoy, en el municipio de Ciudad Ixtepec fue ultimada una mujer de aproximadamente 65 a\u00f1os de edad.&nbsp;<\/p>\n\n\n\n<p>La v\u00edctima del probable feminicidio fue identificada como Gloria C. y su cuerpo presenta al menos cinco impactos de arma de fuego, de acuerdo con medios informativos regionales.&nbsp;<\/p>\n\n\n\n<p>Hasta el momento se desconoce qui\u00e9n o qui\u00e9nes la privaron de la vida, caso que ya investiga la Fiscal\u00eda Regional del Istmo.<\/p>\n\n\n\n<p>Tambi\u00e9n en la zona istme\u00f1a pero en el municipio de Mat\u00edas Romero Avenda\u00f1o, ocurrieron otros dos cr\u00edmenes, entre ellos el de una mujer.<\/p>\n\n\n\n<p>La pareja fue atacada a balazos mientras se trasladaba a bordo de su unidad de motor, con placas de circulaci\u00f3n DLX-289-E, en jurisdicci\u00f3n del basurero de dicha ciudad.<\/p>\n\n\n\n<p>Presuntamente se trat\u00f3 de un asalto, lo cual investigan las autoridades ministeriales; hasta el momento las v\u00edctimas no han sido identificadas.<\/p>\n\n\n\n<p>Como se inform\u00f3 previamente, otro individuo fue asesinado en el interior de su vivienda en el municipio de Mat\u00edas Romero.<\/p>\n\n\n\n<p>Una v\u00edctima m\u00e1s en la colonia Monte Alb\u00e1n de la ciudad de Oaxaca, cuando se trasladaba a bordo de su motocicleta.<\/p>\n","protected":false},"excerpt":{"rendered":"<p>Redacci\u00f3n\/Zona Roja. Oaxaca de Ju\u00e1rez, Oax., a 27 de julio de 2023.- A cinco ascendi\u00f3&hellip;<\/p>\n","protected":false},"author":2,"featured_media":58057,"comment_status":"closed","ping_status":"open","sticky":false,"template":"","format":"standard","meta":{"_lmt_disableupdate":"","_lmt_disable":"","_jetpack_memberships_contains_paid_content":false,"footnotes":""},"categories":[109,51],"tags":[703,228],"class_list":["post-58056","post","type-post","status-publish","format-standard","has-post-thumbnail","hentry","category-minuto-a-minuto","category-zona-roja","tag-ciudad-ixtepec","tag-matias-romero-avendano"],"jetpack_featured_media_url":"https:\/\/zonaroja.com.mx\/wp-content\/uploads\/2023\/07\/Mujer-asesinada-Ciudad-Ixtepec.jpg","jetpack_sharing_enabled":true,"_links":{"self":[{"href":"https:\/\/zonaroja.com.mx\/index.php?rest_route=\/wp\/v2\/posts\/58056","targetHints":{"allow":["GET"]}}],"collection":[{"href":"https:\/\/zonaroja.com.mx\/index.php?rest_route=\/wp\/v2\/posts"}],"about":[{"href":"https:\/\/zonaroja.com.mx\/index.php?rest_route=\/wp\/v2\/types\/post"}],"author":[{"embeddable":true,"href":"https:\/\/zonaroja.com.mx\/index.php?rest_route=\/wp\/v2\/users\/2"}],"replies":[{"embeddable":true,"href":"https:\/\/zonaroja.com.mx\/index.php?rest_route=%2Fwp%2Fv2%2Fcomments&post=58056"}],"version-history":[{"count":1,"href":"https:\/\/zonaroja.com.mx\/index.php?rest_route=\/wp\/v2\/posts\/58056\/revisions"}],"predecessor-version":[{"id":58058,"href":"https:\/\/zonaroja.com.mx\/index.php?rest_route=\/wp\/v2\/posts\/58056\/revisions\/58058"}],"wp:featuredmedia":[{"embeddable":true,"href":"https:\/\/zonaroja.com.mx\/index.php?rest_route=\/wp\/v2\/media\/58057"}],"wp:attachment":[{"href":"https:\/\/zonaroja.com.mx\/index.php?rest_route=%2Fwp%2Fv2%2Fmedia&parent=58056"}],"wp:term":[{"taxonomy":"category","embeddable":true,"href":"https:\/\/zonaroja.com.mx\/index.php?rest_route=%2Fwp%2Fv2%2Fcategories&post=58056"},{"taxonomy":"post_tag","embeddable":true,"href":"https:\/\/zonaroja.com.mx\/index.php?rest_route=%2Fwp%2Fv2%2Ftags&post=58056"}],"curies":[{"name":"wp","href":"https:\/\/api.w.org\/{rel}","templated":true}]}}