{"id":58059,"date":"2023-07-28T07:47:36","date_gmt":"2023-07-28T12:47:36","guid":{"rendered":"http:\/\/www.zonaroja.com.mx\/?p=58059"},"modified":"2023-07-28T07:47:41","modified_gmt":"2023-07-28T12:47:41","slug":"secuestrador-poblano-se-refugiaba-en-oaxaca-lo-detiene-la-fiscalia","status":"publish","type":"post","link":"https:\/\/zonaroja.com.mx\/?p=58059","title":{"rendered":"Secuestrador poblano se refugiaba en Oaxaca; lo detiene la Fiscal\u00eda"},"content":{"rendered":"\n<p>Redacci\u00f3n\/Zona Roja.&nbsp;<\/p>\n\n\n\n<p>Oaxaca de Ju\u00e1rez, Oax., a 28 de julio de 2023.- La colaboraci\u00f3n interinstitucional en los trabajos de procuraci\u00f3n de justicia, hizo posible que la Fiscal\u00eda General del Estado de Oaxaca (FGEO) realiz\u00f3 la captura y, en conjunto con la Fiscal\u00eda General del Estado de Puebla, se ejecut\u00f3 una orden de aprehensi\u00f3n en contra de J.M.P. o P.R.C., alias \u201cLa Marchanta\u201d o \u201cEl Alcohol\u201d, por los delitos de Secuestro y Asociaci\u00f3n Delictuosa.<\/p>\n\n\n\n<p>Luego de recibir un oficio de colaboraci\u00f3n de la Fiscal\u00eda de Puebla, la FGEO remiti\u00f3 dichas labores a la Unidad Policial Especializada en Combate al Secuestro, la cual realiz\u00f3 los trabajos necesarios con los que se estableci\u00f3 el paradero del imputado.<\/p>\n\n\n\n<p>Con esta informaci\u00f3n, elementos de la Agencia Estatal de Investigaciones (AEI) de la Fiscal\u00eda de Oaxaca, este 26 de julio desplegaron un operativo en inmediaciones del municipio de Santiago Juxtlahuaca en la regi\u00f3n de la Mixteca, en el que se logr\u00f3 la detenci\u00f3n de \u201cLa Marchanta\u201d o \u201cEl Alcohol\u201d.<\/p>\n\n\n\n<p>Al imputado se le comunicaron los motivos de su detenci\u00f3n, derivada de un mandato judicial emitido por el Juez de lo Civil y de lo Penal del Distrito Judicial de Iz\u00facar de Matamoros, en Puebla.<\/p>\n\n\n\n<p>La captura se realiz\u00f3 respetando en todo momento los Derechos Humanos consagrados en los Tratados Internacionales, Constituci\u00f3n Pol\u00edtica de los Estados Unidos Mexicanos y C\u00f3digo Nacional de Procedimientos Penales, mientras que el imputado qued\u00f3 a la espera de ser trasladado al estado de Puebla para que sea presentado ante las autoridades que lo requirieron.<\/p>\n\n\n\n<p>Los trabajos de colaboraci\u00f3n que realiza la Fiscal\u00eda de Oaxaca con Fiscal\u00edas de otras entidades federativas se traducen en acciones asertivas para que las v\u00edctimas tengan pleno acceso a la justicia y la reparaci\u00f3n del da\u00f1o.<\/p>\n\n\n\n<p>LOGRA SENTENCIA<\/p>\n\n\n\n<p>En otros casos, como resultado del trabajo que realiza la Fiscal\u00eda General del Estado, a trav\u00e9s de la Fiscal\u00eda Especializada para la Atenci\u00f3n a Delitos Contra la Mujer por Raz\u00f3n de G\u00e9nero, se obtuvo una sentencia condenatoria y la vinculaci\u00f3n a proceso en dos casos diferentes por el delito de Violencia Familiar, por hechos ocurridos en la regi\u00f3n de los Valles Centrales.&nbsp;<\/p>\n\n\n\n<p>El primer hecho ocurri\u00f3 el 15 de julio de 2022, al interior de un domicilio particular localizado en la colonia Libertad de la ciudad de Oaxaca de Ju\u00e1rez, donde la v\u00edctima fue agredida por J. G. S. o J. M. G. S., persona del sexo masculino con quien hab\u00eda sostenido una relaci\u00f3n sentimental.<\/p>\n\n\n\n<p>Luego de empujar violentamente a la v\u00edctima, el imputado sali\u00f3 de la casa donde ocurrieron los hechos, pero la mujer solicit\u00f3 ayuda a los n\u00fameros de emergencia, en respuesta, enviaron a elementos de la polic\u00eda que detuvieron al ahora sentenciado.<\/p>\n\n\n\n<p>La FGEO realiz\u00f3 una investigaci\u00f3n al respecto y present\u00f3 los resultados ante el Juez que atiende la causa, quien luego de evaluar la pruebas, dict\u00f3 sentencia condenatoria de tres a\u00f1os de prisi\u00f3n en contra de J. G. S. o J. M. G. S., tambi\u00e9n impuso el pago de una multa y la reparaci\u00f3n del da\u00f1o, adem\u00e1s que el responsable de Violencia Familiar est\u00e1 obligado a cumplir con un tratamiento especializado en reeducaci\u00f3n para hombres que ejercen violencia contra la mujer.<\/p>\n\n\n\n<p>El segundo caso sucedi\u00f3 entre julio de 2022 y febrero de 2023, cuando la v\u00edctima decidi\u00f3 terminar la relaci\u00f3n de convivencia que sosten\u00eda con U. M. C.<\/p>\n\n\n\n<p>Sin embargo, de acuerdo con la denuncia presentada, el acoso y agresiones continuaron, hasta que el 21 de julio de 2023, ella se encontraba en frente de la iglesia cat\u00f3lica del municipio de San Antonio de la Cal y sufri\u00f3 una agresi\u00f3n f\u00edsica en la que fue golpeada en el rostro, por lo que personas que atestiguaron los hechos, intervinieron para ayudarle y luego solicitaron la acci\u00f3n de la polic\u00eda municipal, ante lo cual, elementos de esta corporaci\u00f3n detuvieron al imputado.<\/p>\n\n\n\n<p>Luego de realizar actos de investigaci\u00f3n, la FGEO present\u00f3 las pruebas suficientes que permitieron que el Juez que atiende la causa dictara auto de vinculaci\u00f3n a proceso en contra de U. M. C., a quien, adem\u00e1s, le fue impuesta prisi\u00f3n preventiva como medida cautelar y se concedi\u00f3 dos meses para el cierre de la investigaci\u00f3n.<\/p>\n\n\n\n<p>La Fiscal\u00eda de Oaxaca, al recibir denuncias por violencia familiar, realiza los trabajos de investigaci\u00f3n con perspectiva de g\u00e9nero para que las v\u00edctimas directas e indirectas tengan acompa\u00f1amiento integral y accedan plenamente a la justicia.<\/p>\n","protected":false},"excerpt":{"rendered":"<p>Redacci\u00f3n\/Zona Roja.&nbsp; Oaxaca de Ju\u00e1rez, Oax., a 28 de julio de 2023.- La colaboraci\u00f3n interinstitucional&hellip;<\/p>\n","protected":false},"author":2,"featured_media":52353,"comment_status":"closed","ping_status":"open","sticky":false,"template":"","format":"standard","meta":{"_lmt_disableupdate":"","_lmt_disable":"","_jetpack_memberships_contains_paid_content":false,"footnotes":""},"categories":[109,46],"tags":[494],"class_list":["post-58059","post","type-post","status-publish","format-standard","has-post-thumbnail","hentry","category-minuto-a-minuto","category-zona-blanca","tag-fiscalia-general-del-estado-de-oaxaca"],"jetpack_featured_media_url":"https:\/\/zonaroja.com.mx\/wp-content\/uploads\/2023\/03\/Mujer-secuestro-secuestrada-plagio.jpeg","jetpack_sharing_enabled":true,"_links":{"self":[{"href":"https:\/\/zonaroja.com.mx\/index.php?rest_route=\/wp\/v2\/posts\/58059","targetHints":{"allow":["GET"]}}],"collection":[{"href":"https:\/\/zonaroja.com.mx\/index.php?rest_route=\/wp\/v2\/posts"}],"about":[{"href":"https:\/\/zonaroja.com.mx\/index.php?rest_route=\/wp\/v2\/types\/post"}],"author":[{"embeddable":true,"href":"https:\/\/zonaroja.com.mx\/index.php?rest_route=\/wp\/v2\/users\/2"}],"replies":[{"embeddable":true,"href":"https:\/\/zonaroja.com.mx\/index.php?rest_route=%2Fwp%2Fv2%2Fcomments&post=58059"}],"version-history":[{"count":1,"href":"https:\/\/zonaroja.com.mx\/index.php?rest_route=\/wp\/v2\/posts\/58059\/revisions"}],"predecessor-version":[{"id":58060,"href":"https:\/\/zonaroja.com.mx\/index.php?rest_route=\/wp\/v2\/posts\/58059\/revisions\/58060"}],"wp:featuredmedia":[{"embeddable":true,"href":"https:\/\/zonaroja.com.mx\/index.php?rest_route=\/wp\/v2\/media\/52353"}],"wp:attachment":[{"href":"https:\/\/zonaroja.com.mx\/index.php?rest_route=%2Fwp%2Fv2%2Fmedia&parent=58059"}],"wp:term":[{"taxonomy":"category","embeddable":true,"href":"https:\/\/zonaroja.com.mx\/index.php?rest_route=%2Fwp%2Fv2%2Fcategories&post=58059"},{"taxonomy":"post_tag","embeddable":true,"href":"https:\/\/zonaroja.com.mx\/index.php?rest_route=%2Fwp%2Fv2%2Ftags&post=58059"}],"curies":[{"name":"wp","href":"https:\/\/api.w.org\/{rel}","templated":true}]}}