{"id":5806,"date":"2019-11-16T20:10:28","date_gmt":"2019-11-17T02:10:28","guid":{"rendered":"http:\/\/www.zonaroja.com.mx\/?p=5806"},"modified":"2019-11-16T21:39:32","modified_gmt":"2019-11-17T03:39:32","slug":"no-cesan-homicidios-y-violencia-un-ejecutado-en-la-sierra-sur","status":"publish","type":"post","link":"https:\/\/zonaroja.com.mx\/?p=5806","title":{"rendered":"No cesan homicidios y violencia; un ejecutado en la Sierra Sur"},"content":{"rendered":"\n<p>Redacci\u00f3n\/Zona Roja.<\/p>\n\n\n\n<p>Oaxaca de Ju\u00e1rez, Oax., 16 de noviembre\nde 2019.- Una persona ejecutada a balazos en la Sierra Sur y un ataque armado\nen la Cuenca, es el saldo violento de este s\u00e1bado.<\/p>\n\n\n\n<p>En Miahuatl\u00e1n de Porfirio D\u00edaz, un individuo fue asesinado por disparos de armas de fuego, cerca de la Escuela Secundaria T\u00e9cnica n\u00famero nueve.<\/p>\n\n\n\n<p>Los hechos sucedieron al mediod\u00eda de\nhoy, detr\u00e1s tambi\u00e9n de unas oficinas federales, sin que ninguna persona se\npercatara del hecho. Hasta el momento la v\u00edctima no ha sido identificada de\nmanera legal.<\/p>\n\n\n\n<p>Mientras tanto en San Juan Bautista\nTuxtepec, un taxista fue agredido a bordo de su unidad con n\u00famero econ\u00f3mico 78 por\nuna pareja, tras brindar un servicio.<\/p>\n\n\n\n<p>Fue alrededor de la una de la ma\u00f1ana, a\nun costado de la carretera federal 182, Tuxtepec-Jalapa de D\u00edaz, en que ocurri\u00f3\nla agresi\u00f3n en contra del ruletero, identificado como Silvestre.<\/p>\n\n\n\n<p>El hombre recibi\u00f3 una pu\u00f1alada en el\npecho en tanto que la pareja de delincuentes se dio a la fuga con el dinero y\nart\u00edculos que le robaron, entre ellos un tel\u00e9fono celular.<\/p>\n","protected":false},"excerpt":{"rendered":"<p>Redacci\u00f3n\/Zona Roja. Oaxaca de Ju\u00e1rez, Oax., 16 de noviembre de 2019.- Una persona ejecutada a&hellip;<\/p>\n","protected":false},"author":2,"featured_media":4267,"comment_status":"closed","ping_status":"open","sticky":false,"template":"","format":"standard","meta":{"_lmt_disableupdate":"","_lmt_disable":"","_jetpack_memberships_contains_paid_content":false,"footnotes":""},"categories":[109,51],"tags":[169,118],"class_list":["post-5806","post","type-post","status-publish","format-standard","has-post-thumbnail","hentry","category-minuto-a-minuto","category-zona-roja","tag-miahuatlan-de-porfirio-diaz","tag-san-juan-bautista-tuxtepec"],"jetpack_featured_media_url":"https:\/\/zonaroja.com.mx\/wp-content\/uploads\/2019\/09\/Homicidio-3.jpg","jetpack_sharing_enabled":true,"_links":{"self":[{"href":"https:\/\/zonaroja.com.mx\/index.php?rest_route=\/wp\/v2\/posts\/5806","targetHints":{"allow":["GET"]}}],"collection":[{"href":"https:\/\/zonaroja.com.mx\/index.php?rest_route=\/wp\/v2\/posts"}],"about":[{"href":"https:\/\/zonaroja.com.mx\/index.php?rest_route=\/wp\/v2\/types\/post"}],"author":[{"embeddable":true,"href":"https:\/\/zonaroja.com.mx\/index.php?rest_route=\/wp\/v2\/users\/2"}],"replies":[{"embeddable":true,"href":"https:\/\/zonaroja.com.mx\/index.php?rest_route=%2Fwp%2Fv2%2Fcomments&post=5806"}],"version-history":[{"count":2,"href":"https:\/\/zonaroja.com.mx\/index.php?rest_route=\/wp\/v2\/posts\/5806\/revisions"}],"predecessor-version":[{"id":5811,"href":"https:\/\/zonaroja.com.mx\/index.php?rest_route=\/wp\/v2\/posts\/5806\/revisions\/5811"}],"wp:featuredmedia":[{"embeddable":true,"href":"https:\/\/zonaroja.com.mx\/index.php?rest_route=\/wp\/v2\/media\/4267"}],"wp:attachment":[{"href":"https:\/\/zonaroja.com.mx\/index.php?rest_route=%2Fwp%2Fv2%2Fmedia&parent=5806"}],"wp:term":[{"taxonomy":"category","embeddable":true,"href":"https:\/\/zonaroja.com.mx\/index.php?rest_route=%2Fwp%2Fv2%2Fcategories&post=5806"},{"taxonomy":"post_tag","embeddable":true,"href":"https:\/\/zonaroja.com.mx\/index.php?rest_route=%2Fwp%2Fv2%2Ftags&post=5806"}],"curies":[{"name":"wp","href":"https:\/\/api.w.org\/{rel}","templated":true}]}}