{"id":58061,"date":"2023-07-28T12:30:00","date_gmt":"2023-07-28T17:30:00","guid":{"rendered":"http:\/\/www.zonaroja.com.mx\/?p=58061"},"modified":"2023-07-28T07:54:52","modified_gmt":"2023-07-28T12:54:52","slug":"el-30-de-julio-realizaran-rastreo-masivo-en-canada-para-buscar-a-oaxaqueno","status":"publish","type":"post","link":"https:\/\/zonaroja.com.mx\/?p=58061","title":{"rendered":"El 30 de julio realizar\u00e1n rastreo masivo en Canad\u00e1 para buscar a oaxaque\u00f1o"},"content":{"rendered":"\n<p>Redacci\u00f3n\/Zona Roja.<\/p>\n\n\n\n<p>Oaxaca de Ju\u00e1rez, Oax., 28 de julio de 2023.- Familiares de Carlos Tom\u00e1s Aranda Burgo\u00edn insistieron en su exigencia de b\u00fasqueda del joven oaxaque\u00f1o desaparecido en Canad\u00e1 el pasado 7 de julio.<\/p>\n\n\n\n<p>Reiteraron su llamado a las autoridades estatales y federales para que se agilicen los operativos a fin de dar con el paradero del egresado de la Universidad Aut\u00f3noma \u201cBenito Ju\u00e1rez\u201d de Oaxaca.<\/p>\n\n\n\n<p>En tanto, el Gobierno del Estado, inform\u00f3 que a trav\u00e9s del Instituto de Atenci\u00f3n Integral al Migrante Oaxaque\u00f1o (IAIMO) dio a conocer que comenz\u00f3 con las acciones correspondientes para coadyuvar en la b\u00fasqueda de Carlos Tom\u00e1s, oaxaque\u00f1o que fue visto por \u00faltima vez el pasado 6 de julio y se report\u00f3 su desaparici\u00f3n el 7 del mismo mes en Vancouver, provincia de Columbia Brit\u00e1nica, Canad\u00e1.<\/p>\n\n\n\n<p>Detall\u00f3 que el organismo ofreci\u00f3 a la familia establecer comunicaci\u00f3n con el Director de Enlace Pol\u00edtico de la Secretar\u00eda de Relaciones Exteriores, con el prop\u00f3sito de buscar una asesor\u00eda para la obtenci\u00f3n de una ficha amarilla de la Interpol, as\u00ed como continuar con el intercambio de informaci\u00f3n y coordinaci\u00f3n de acciones con el padre del desaparecido y las instancias en el pa\u00eds vecino.<\/p>\n\n\n\n<p>De esta manera se activaron los protocolos de b\u00fasqueda a trav\u00e9s del Centro de Informaci\u00f3n y Asistencia a Mexicanos (CIAM), con el objetivo de identificar cualquier reporte de desaparici\u00f3n tanto en Canad\u00e1 como en Estados Unidos.<\/p>\n\n\n\n<p>Destac\u00f3 que la familia del oaxaque\u00f1o no localizado realiza la b\u00fasqueda de manera presencial en Canad\u00e1, donde han contactado a organizaciones de apoyo al migrante, quienes ofrecen una ayuda econ\u00f3mica y moral para coordinar las acciones.&nbsp;<\/p>\n\n\n\n<p>El pr\u00f3ximo domingo 30 de julio realizar\u00e1n un rastreo masivo con la participaci\u00f3n de los organismos antes mencionados.<\/p>\n","protected":false},"excerpt":{"rendered":"<p>Redacci\u00f3n\/Zona Roja. Oaxaca de Ju\u00e1rez, Oax., 28 de julio de 2023.- Familiares de Carlos Tom\u00e1s&hellip;<\/p>\n","protected":false},"author":2,"featured_media":58062,"comment_status":"closed","ping_status":"open","sticky":false,"template":"","format":"standard","meta":{"_lmt_disableupdate":"","_lmt_disable":"","_jetpack_memberships_contains_paid_content":false,"footnotes":""},"categories":[109,46],"tags":[3613],"class_list":["post-58061","post","type-post","status-publish","format-standard","has-post-thumbnail","hentry","category-minuto-a-minuto","category-zona-blanca","tag-carlos-tomas-aranda-burgoin-canada"],"jetpack_featured_media_url":"https:\/\/zonaroja.com.mx\/wp-content\/uploads\/2023\/07\/Carlos-Tomas-Aranda-Burgoin.png","jetpack_sharing_enabled":true,"_links":{"self":[{"href":"https:\/\/zonaroja.com.mx\/index.php?rest_route=\/wp\/v2\/posts\/58061","targetHints":{"allow":["GET"]}}],"collection":[{"href":"https:\/\/zonaroja.com.mx\/index.php?rest_route=\/wp\/v2\/posts"}],"about":[{"href":"https:\/\/zonaroja.com.mx\/index.php?rest_route=\/wp\/v2\/types\/post"}],"author":[{"embeddable":true,"href":"https:\/\/zonaroja.com.mx\/index.php?rest_route=\/wp\/v2\/users\/2"}],"replies":[{"embeddable":true,"href":"https:\/\/zonaroja.com.mx\/index.php?rest_route=%2Fwp%2Fv2%2Fcomments&post=58061"}],"version-history":[{"count":1,"href":"https:\/\/zonaroja.com.mx\/index.php?rest_route=\/wp\/v2\/posts\/58061\/revisions"}],"predecessor-version":[{"id":58063,"href":"https:\/\/zonaroja.com.mx\/index.php?rest_route=\/wp\/v2\/posts\/58061\/revisions\/58063"}],"wp:featuredmedia":[{"embeddable":true,"href":"https:\/\/zonaroja.com.mx\/index.php?rest_route=\/wp\/v2\/media\/58062"}],"wp:attachment":[{"href":"https:\/\/zonaroja.com.mx\/index.php?rest_route=%2Fwp%2Fv2%2Fmedia&parent=58061"}],"wp:term":[{"taxonomy":"category","embeddable":true,"href":"https:\/\/zonaroja.com.mx\/index.php?rest_route=%2Fwp%2Fv2%2Fcategories&post=58061"},{"taxonomy":"post_tag","embeddable":true,"href":"https:\/\/zonaroja.com.mx\/index.php?rest_route=%2Fwp%2Fv2%2Ftags&post=58061"}],"curies":[{"name":"wp","href":"https:\/\/api.w.org\/{rel}","templated":true}]}}