{"id":58064,"date":"2023-07-28T09:30:00","date_gmt":"2023-07-28T14:30:00","guid":{"rendered":"http:\/\/www.zonaroja.com.mx\/?p=58064"},"modified":"2023-07-28T08:07:57","modified_gmt":"2023-07-28T13:07:57","slug":"registran-organismos-civiles-31-agresiones-contra-opositores-a-corredor-interoceanico","status":"publish","type":"post","link":"https:\/\/zonaroja.com.mx\/?p=58064","title":{"rendered":"Registran organismos civiles 31 agresiones contra opositores a Corredor Interoce\u00e1nico"},"content":{"rendered":"\n<p>Redacci\u00f3n\/Zona Roja.&nbsp;<\/p>\n\n\n\n<p>Oaxaca de Ju\u00e1rez, Oax., a 28 de julio de 2023.- Al menos 31 agresiones colectivas e individuales se han registrado contra opositores al Corredor Interoce\u00e1nico del Istmo de Tehuantepec (CIIT), entre octubre del 2021 y julio del 2023, confirm\u00f3 la Misi\u00f3n Civil de Observaci\u00f3n.<\/p>\n\n\n\n<p>Este jueves en Juchit\u00e1n de Zaragoza rindi\u00f3 un informe de las actividades realizadas en la zona istme\u00f1a para documentar las violaciones a los derechos humanos y las agresiones contra personas y comunidades defensoras en el contexto del megaproyecto.<\/p>\n\n\n\n<p>En la Misi\u00f3n de Observaci\u00f3n participaron 23 organizaciones de la sociedad civil nacionales e internacionales y ocho representantes de prensa de medios nacionales e internacionales.&nbsp;<\/p>\n\n\n\n<p>En el recorrido de tres d\u00edas visitaron a personas y comunidades afectadas de la zona norte en el campamento \u201cTierra y Libertad\u201d de Mogo\u00f1\u00e9 Viejo, por el Polo de Desarrollo en Santa Mar\u00eda Mixtequilla, a las y los comuneros agredidos en Santa Cruz Tagolaba y en Puente Madera.<\/p>\n\n\n\n<p>Las personas y organizaciones participantes en la Misi\u00f3n concluyeron que en la ejecuci\u00f3n del CIIT est\u00e1n ocurriendo violaciones a los derechos humanos de las personas habitantes de estas zonas y a quienes defienden los derechos colectivos de las comunidades ind\u00edgenas.<\/p>\n\n\n\n<p>En la conferencia de prensa que se realiz\u00f3 ayer en Juchit\u00e1n, las organizaciones nacionales e internacionales expresaron su preocupaci\u00f3n frente a los eventos de agresi\u00f3n registrados en el marco de la construcci\u00f3n del megaproyecto del Corredor Interoce\u00e1nico.&nbsp;<\/p>\n\n\n\n<p>Indicaron que ha habido un aumento en las agresiones en este a\u00f1o y est\u00e1 en riesgo la integridad de las personas defensoras que resisten ante este megaproyecto.&nbsp;<\/p>\n\n\n\n<p>Durante la Misi\u00f3n, las personas participantes fueron testigos de incidentes de seguridad como la presencia constante y vigilante de las fuerzas armadas.<\/p>\n\n\n\n<p>Las y los integrantes de la Misi\u00f3n insistieron en que no se ha realizado la consulta orientada a obtener el consentimiento por parte de las comunidades Ayuuk afectadas por el CIIT.&nbsp;<\/p>\n\n\n\n<p>En contraposici\u00f3n, se han registrado intervenciones violentas por parte de la Marina y de la Guardia Nacional, como los desalojos violentos, detenci\u00f3n arbitraria y criminalizaci\u00f3n en contra de personas defensoras en Mogo\u00f1e Viejo, estaci\u00f3n Sarabia y Palomares; as\u00ed como las amenazas y tentativas de despojo de casas de pobladores en Boca del Monte, San Juan Guichicovi.<\/p>\n\n\n\n<p>En Santa Maria Mixtequilla tambi\u00e9n se document\u00f3 la intimidaci\u00f3n de la Guardia Nacional ante la Asamblea Comunitaria y diversos casos de represi\u00f3n en contra de personas que han mostrado resistencia al \u201cPolo de Desarrollo\u201d que se pretende construir.&nbsp;<\/p>\n\n\n\n<p>De igual forma se documentaron ataques&nbsp; en la zona de Santa Cruz Tagolaba, Tehuantepec, donde se han producido eventos de agresiones f\u00edsicas, despojo, ocupaci\u00f3n ilegal de tierras y desplazamientos forzados en contra de comuneros y comuneras debido a la especulaci\u00f3n provocada por el Corredor Interoce\u00e1nico al encontrarse en un punto estrat\u00e9gico.&nbsp;<\/p>\n\n\n\n<p>La comunidad binniza de Puente Madera ha sufrido una campa\u00f1a de criminalizaci\u00f3n y difamaci\u00f3n, as\u00ed como una serie de agresiones como detenci\u00f3n arbitraria y fabricaci\u00f3n de delitos en contra de 17 defensoras y defensores por su lucha ante la imposici\u00f3n del \u201cPolo de Desarrollo\u201d de San Blas Atempa, Oaxaca.<\/p>\n\n\n\n<p>Integrantes de la misi\u00f3n alertaron tambi\u00e9n ante la existencia de ataques e impactos diferenciados en&nbsp; mujeres ind\u00edgenas defensoras quienes enfrentan agresiones, calumnias y difamaci\u00f3n basadas en&nbsp; estereotipos de g\u00e9nero y con cargas de sexualidad. Esto impacta tambi\u00e9n en su liderazgo, su rol comunitario y familiar.<\/p>\n\n\n\n<p>Entre las autoridades responsables de las violaciones a derechos humanos se\u00f1aladas durante la misi\u00f3n destaca la Guardia Nacional, la Marina, la Sedena, la Polic\u00eda Estatal, la Secretar\u00eda de Comunicaciones y Transporte, autoridades municipales y la Procuradur\u00eda Agraria. Fueron se\u00f1alados tambi\u00e9n diversas empresas, grupos armados y caciques locales.<\/p>\n\n\n\n<p>M\u00e1s all\u00e1 del megaproyecto del CIIT, en general, Oaxaca ocup\u00f3 el primer lugar en n\u00famero de eventos de agresi\u00f3n entre 2019 y 2022.&nbsp;<\/p>\n\n\n\n<p>De un recuento del 2012 al 2018, Oaxaca se ubica como la entidad con mayores registros de ataques o eventos de agresi\u00f3n documentados.<\/p>\n\n\n\n<p>Los registros vinculados al CIIT indican, al menos: 21 casos de intimidaci\u00f3n, hostigamiento y amenazas contra personas defensoras, sus familias o colectivos; 11 casos de violencia f\u00edsica y psicol\u00f3gica, as\u00ed como desalojos forzosos.<\/p>\n\n\n\n<p>Tres homicidios de personas defensoras entre octubre 2022 a julio 2023; 2 casos de difamaci\u00f3n&nbsp; a trav\u00e9s de medios p\u00fablicos de gran alcance; y 43 casos de denuncias penales a autoridades locales y personas defensoras comunitarias en las comunidades San Juan Guichicovi, Mogo\u00f1e Viejo, Mogo\u00f1\u00e9 Estaci\u00f3n, Paso Real, Estaci\u00f3n Sarabia, Tagolaba, y Puente Madera.<\/p>\n\n\n\n<p>(Comunicado)<\/p>\n","protected":false},"excerpt":{"rendered":"<p>Redacci\u00f3n\/Zona Roja.&nbsp; Oaxaca de Ju\u00e1rez, Oax., a 28 de julio de 2023.- Al menos 31&hellip;<\/p>\n","protected":false},"author":2,"featured_media":58065,"comment_status":"closed","ping_status":"open","sticky":false,"template":"","format":"standard","meta":{"_lmt_disableupdate":"","_lmt_disable":"","_jetpack_memberships_contains_paid_content":false,"footnotes":""},"categories":[109,47],"tags":[2917],"class_list":["post-58064","post","type-post","status-publish","format-standard","has-post-thumbnail","hentry","category-minuto-a-minuto","category-zona-gris","tag-corredor-interoceanico-oaxaca"],"jetpack_featured_media_url":"https:\/\/zonaroja.com.mx\/wp-content\/uploads\/2023\/07\/Mision-de-Observacion-corredor-interoceanico.jpeg","jetpack_sharing_enabled":true,"_links":{"self":[{"href":"https:\/\/zonaroja.com.mx\/index.php?rest_route=\/wp\/v2\/posts\/58064","targetHints":{"allow":["GET"]}}],"collection":[{"href":"https:\/\/zonaroja.com.mx\/index.php?rest_route=\/wp\/v2\/posts"}],"about":[{"href":"https:\/\/zonaroja.com.mx\/index.php?rest_route=\/wp\/v2\/types\/post"}],"author":[{"embeddable":true,"href":"https:\/\/zonaroja.com.mx\/index.php?rest_route=\/wp\/v2\/users\/2"}],"replies":[{"embeddable":true,"href":"https:\/\/zonaroja.com.mx\/index.php?rest_route=%2Fwp%2Fv2%2Fcomments&post=58064"}],"version-history":[{"count":1,"href":"https:\/\/zonaroja.com.mx\/index.php?rest_route=\/wp\/v2\/posts\/58064\/revisions"}],"predecessor-version":[{"id":58066,"href":"https:\/\/zonaroja.com.mx\/index.php?rest_route=\/wp\/v2\/posts\/58064\/revisions\/58066"}],"wp:featuredmedia":[{"embeddable":true,"href":"https:\/\/zonaroja.com.mx\/index.php?rest_route=\/wp\/v2\/media\/58065"}],"wp:attachment":[{"href":"https:\/\/zonaroja.com.mx\/index.php?rest_route=%2Fwp%2Fv2%2Fmedia&parent=58064"}],"wp:term":[{"taxonomy":"category","embeddable":true,"href":"https:\/\/zonaroja.com.mx\/index.php?rest_route=%2Fwp%2Fv2%2Fcategories&post=58064"},{"taxonomy":"post_tag","embeddable":true,"href":"https:\/\/zonaroja.com.mx\/index.php?rest_route=%2Fwp%2Fv2%2Ftags&post=58064"}],"curies":[{"name":"wp","href":"https:\/\/api.w.org\/{rel}","templated":true}]}}