{"id":58067,"date":"2023-07-28T10:30:00","date_gmt":"2023-07-28T15:30:00","guid":{"rendered":"http:\/\/www.zonaroja.com.mx\/?p=58067"},"modified":"2023-07-28T08:10:14","modified_gmt":"2023-07-28T13:10:14","slug":"lidera-oaxaca-tasa-de-ocupacion-y-empleo-en-junio-inegi","status":"publish","type":"post","link":"https:\/\/zonaroja.com.mx\/?p=58067","title":{"rendered":"Lidera Oaxaca tasa de ocupaci\u00f3n y empleo en junio: Inegi"},"content":{"rendered":"\n<p>Yuridiana Sosa\/Zona Roja.<\/p>\n\n\n\n<p>Oaxaca de Ju\u00e1rez, Oax., a 28 de julio de 2023.- Durante junio, Oaxaca fue el estado con m\u00e1s Poblaci\u00f3n Econ\u00f3micamente Activa (PEA) en el pa\u00eds, con un porcentaje del 99.2 por ciento, report\u00f3 la Encuesta Nacional de Ocupaci\u00f3n y Empleo (ENOE).<\/p>\n\n\n\n<p>Los resultados del Instituto Nacional Estad\u00edstica y Geograf\u00eda (Inegi) colocan a la entidad oaxaque\u00f1a por encima de estados como Guerrero, con el 99.1 por ciento: Yucat\u00e1n, 98.1 por ciento; Michoac\u00e1n, 98.4 por ciento y Jalisco, 98.3 por ciento.<\/p>\n\n\n\n<p>La tasa de ocupaci\u00f3n de junio de este a\u00f1o en Oaxaca es mayor a la registrada en junio de 2022, cuando acumul\u00f3 98.9, momento en el que tambi\u00e9n sobresali\u00f3 en el primer sitio a nivel nacional, seguido en ese entonces por Yucat\u00e1n, Guerrero, Morelos y Michoac\u00e1n.<\/p>\n\n\n\n<p>La ENOE no precis\u00f3 si se tratan de empleos formales o informales.<\/p>\n\n\n\n<p>Datos de otras encuestas del Inegi, como es la Encuesta Nacional de&nbsp;Ocupaci\u00f3n&nbsp;y&nbsp;Empleo, Nueva Edici\u00f3n (ENOEN) con resultados al mes de febrero, tambi\u00e9n se\u00f1alaron que Oaxaca se coloc\u00f3 como la entidad con m\u00e1s personas ocupadas, con un 99 por ciento.<\/p>\n\n\n\n<p>NACIONAL<\/p>\n\n\n\n<p>En el pa\u00eds, 60.3 millones de personas se mantuvieron ocupadas, lo que implic\u00f3 una Tasa de Participaci\u00f3n de 60.1 por ciento; superior en 859 mil personas a la de junio de 2022.<\/p>\n\n\n\n<p>La Encuesta Nacional de Ocupaci\u00f3n y Empleo (ENOE), en junio de 2023, detall\u00f3 que la Poblaci\u00f3n No Econ\u00f3micamente Activa (PNEA) fue de 40 millones de personas, 55 mil personas m\u00e1s que en el sexto mes de 2022.<\/p>\n\n\n\n<p>En tanto que la poblaci\u00f3n desocupada fue de 1.6 millones de personas y la Tasa de Desocupaci\u00f3n (TD), de 2.7 por ciento de la PEA.&nbsp; Lo que representa que descendi\u00f3 en 391 mil personas y la TD fue menor en 0.7 puntos porcentuales respecto al mismo periodo de 2022.<\/p>\n","protected":false},"excerpt":{"rendered":"<p>Yuridiana Sosa\/Zona Roja. Oaxaca de Ju\u00e1rez, Oax., a 28 de julio de 2023.- Durante junio,&hellip;<\/p>\n","protected":false},"author":2,"featured_media":34845,"comment_status":"closed","ping_status":"open","sticky":false,"template":"","format":"standard","meta":{"_lmt_disableupdate":"","_lmt_disable":"","_jetpack_memberships_contains_paid_content":false,"footnotes":""},"categories":[109,46],"tags":[1702],"class_list":["post-58067","post","type-post","status-publish","format-standard","has-post-thumbnail","hentry","category-minuto-a-minuto","category-zona-blanca","tag-encuesta-nacional-de-ocupacion-y-empleo-enoe"],"jetpack_featured_media_url":"https:\/\/zonaroja.com.mx\/wp-content\/uploads\/2021\/11\/Empleo-oaxaca-Mexico.jpg","jetpack_sharing_enabled":true,"_links":{"self":[{"href":"https:\/\/zonaroja.com.mx\/index.php?rest_route=\/wp\/v2\/posts\/58067","targetHints":{"allow":["GET"]}}],"collection":[{"href":"https:\/\/zonaroja.com.mx\/index.php?rest_route=\/wp\/v2\/posts"}],"about":[{"href":"https:\/\/zonaroja.com.mx\/index.php?rest_route=\/wp\/v2\/types\/post"}],"author":[{"embeddable":true,"href":"https:\/\/zonaroja.com.mx\/index.php?rest_route=\/wp\/v2\/users\/2"}],"replies":[{"embeddable":true,"href":"https:\/\/zonaroja.com.mx\/index.php?rest_route=%2Fwp%2Fv2%2Fcomments&post=58067"}],"version-history":[{"count":1,"href":"https:\/\/zonaroja.com.mx\/index.php?rest_route=\/wp\/v2\/posts\/58067\/revisions"}],"predecessor-version":[{"id":58068,"href":"https:\/\/zonaroja.com.mx\/index.php?rest_route=\/wp\/v2\/posts\/58067\/revisions\/58068"}],"wp:featuredmedia":[{"embeddable":true,"href":"https:\/\/zonaroja.com.mx\/index.php?rest_route=\/wp\/v2\/media\/34845"}],"wp:attachment":[{"href":"https:\/\/zonaroja.com.mx\/index.php?rest_route=%2Fwp%2Fv2%2Fmedia&parent=58067"}],"wp:term":[{"taxonomy":"category","embeddable":true,"href":"https:\/\/zonaroja.com.mx\/index.php?rest_route=%2Fwp%2Fv2%2Fcategories&post=58067"},{"taxonomy":"post_tag","embeddable":true,"href":"https:\/\/zonaroja.com.mx\/index.php?rest_route=%2Fwp%2Fv2%2Ftags&post=58067"}],"curies":[{"name":"wp","href":"https:\/\/api.w.org\/{rel}","templated":true}]}}