{"id":58069,"date":"2023-07-28T14:30:00","date_gmt":"2023-07-28T19:30:00","guid":{"rendered":"http:\/\/www.zonaroja.com.mx\/?p=58069"},"modified":"2023-07-28T08:15:42","modified_gmt":"2023-07-28T13:15:42","slug":"piden-en-oaxaca-que-la-union-europea-prohiba-un-agroquimico-peligroso","status":"publish","type":"post","link":"https:\/\/zonaroja.com.mx\/?p=58069","title":{"rendered":"Piden en Oaxaca que la Uni\u00f3n Europea proh\u00edba un agroqu\u00edmico peligroso"},"content":{"rendered":"\n<p>Redacci\u00f3n\/Zona Roja.<\/p>\n\n\n\n<p>Oaxaca de Ju\u00e1rez, Oax., a 28 de julio de 2023.- El diputado por Morena, Horacio Sosa Villavicencio, pidi\u00f3 este mi\u00e9rcoles al Congreso del Estado pronunciarse en contra de que la Uni\u00f3n Europea renueve la autorizaci\u00f3n para el uso de glifosato en su territorio, dados los efectos nocivos globales que tiene ese agroqu\u00edmico sobre el medio ambiente y sobre la salud de la poblaci\u00f3n.<\/p>\n\n\n\n<p>\u201cNo es un asunto que s\u00f3lo afecte a Europa, es un problema para toda la humanidad\u201d, plante\u00f3 el legislador,&nbsp;al&nbsp;recordar que Europa es la principal regi\u00f3n exportadora de&nbsp;alimentos del campo en el mundo, y que&nbsp;la contaminaci\u00f3n a gran escala generada en cualquier parte tiene consecuencias globales.<\/p>\n\n\n\n<p>As\u00ed, propuso que el Congreso local exhorte a la&nbsp;la canciller&nbsp;Alicia B\u00e1rcena&nbsp;a que solicite a la presidenta de la Comisi\u00f3n Europea,&nbsp;Ursula von der Leyen, y a las y los integrantes del&nbsp;Colegio de Comisarios, que no renueven&nbsp;la autorizaci\u00f3n al uso de glifosato en la Uni\u00f3n Europea, para&nbsp;salvaguardar&nbsp;el medio ambiente, la salud y los derechos de la humanidad.<\/p>\n\n\n\n<p>Record\u00f3&nbsp;que&nbsp;en&nbsp;2021, el Congreso del Estado&nbsp;prohibi\u00f3&nbsp;para todo su territorio&nbsp;el uso, distribuci\u00f3n, adquisici\u00f3n, donaci\u00f3n, regalo o suministro de&nbsp;glifosato&nbsp;y&nbsp;de otros&nbsp;agroqu\u00edmicos y plaguicidas peligrosos,&nbsp;justamente por los da\u00f1os que ocasionan al medio ambiente y a la salud de las personas.<\/p>\n\n\n\n<p>En los considerandos de su propuesta, el legislador explica&nbsp;que&nbsp;a&nbsp;principios de este mes, la&nbsp;Autoridad Europea de Seguridad Alimentaria (EFSA,&nbsp;por sus siglas en ingl\u00e9s) dio a conocer su&nbsp;evaluaci\u00f3n del impacto del glifosato en la salud de las personas, los animales y el medio ambiente, previa a decisi\u00f3n de la Comisi\u00f3n Europea de renovar o no la autorizaci\u00f3n para usar ese qu\u00edmico en toda la Uni\u00f3n Europea,&nbsp;dado que la vigente vence el 15 de diciembre.<\/p>\n\n\n\n<p>En sus conclusiones,&nbsp;dice Sosa,&nbsp;la EFSA plantea que \u201cno ha identificado ning\u00fan \u00e1mbito de preocupaci\u00f3n cr\u00edtico\u201d, pero presenta una serie de \u201clagunas en los datos\u201d&nbsp;que analiz\u00f3, entre ellas&nbsp;\u201cla evaluaci\u00f3n de una de las impurezas del glifosato,&nbsp;la evaluaci\u00f3n del riesgo alimentario para los consumidores&nbsp;y la evaluaci\u00f3n de los riesgos para las plantas acu\u00e1ticas\u201d.<\/p>\n\n\n\n<p>Tambi\u00e9n se\u00f1ala la&nbsp;falta de informaci\u00f3n sobre la toxicidad de uno de los componentes presentes en la formulaci\u00f3n del plaguicida a base de glifosato sometida a evaluaci\u00f3n,&nbsp;\u201cque es necesaria para concluir la evaluaci\u00f3n del riesgo&nbsp;de la formulaci\u00f3n para usos representativos\u201d.&nbsp;<\/p>\n\n\n\n<p>El diputado cita un estudio interdisciplinario realizado por nueve cient\u00edficos de diversos centros de estudios de tres universidades de India, Arabia Saud\u00ed y Corea del Sur, publicado este mes, el cual muestra que la exposici\u00f3n al glifosato aumenta notablemente la posibilidad de padecer diabetes&nbsp;y resistencia a la insulina.<\/p>\n\n\n\n<p>Otra investigaci\u00f3n de la&nbsp;Escuela de Salud P\u00fablica de la Universidad de California en Berkeley&nbsp;encontr\u00f3 una relaci\u00f3n persistente entre obesidad infantil y glifosato en la alimentaci\u00f3n, y concluy\u00f3 que&nbsp;el glifosato y su metabolito AMPA est\u00e1n ligados a inflamaci\u00f3n de h\u00edgado y des\u00f3rdenes metab\u00f3licos que causan obesidad infantil,&nbsp;c\u00e1ncer de h\u00edgado, enfermedades hep\u00e1ticas, del coraz\u00f3n, diabetes y otras complicaciones de salud a largo plazo.&nbsp;<\/p>\n\n\n\n<p>Sosa Villavicencio record\u00f3&nbsp;que&nbsp;en 2015, la Agencia Internacional de Investigaci\u00f3n sobre el C\u00e1ncer de la&nbsp;Organizaci\u00f3n Mundial de la Salud (OMS)&nbsp;concluy\u00f3&nbsp;que&nbsp;el glifosato&nbsp;es cancer\u00edgeno en animales y probable cancer\u00edgeno en humanos.<\/p>\n\n\n\n<p>El glifosato es un herbicida&nbsp;producido por Bayer-Monsanto, que forma parte del paquete de productos relacionados con el uso de semillas transg\u00e9nicas.<\/p>\n","protected":false},"excerpt":{"rendered":"<p>Redacci\u00f3n\/Zona Roja. Oaxaca de Ju\u00e1rez, Oax., a 28 de julio de 2023.- El diputado por&hellip;<\/p>\n","protected":false},"author":2,"featured_media":58070,"comment_status":"closed","ping_status":"open","sticky":false,"template":"","format":"standard","meta":{"_lmt_disableupdate":"","_lmt_disable":"","_jetpack_memberships_contains_paid_content":false,"footnotes":""},"categories":[109,46],"tags":[444],"class_list":["post-58069","post","type-post","status-publish","format-standard","has-post-thumbnail","hentry","category-minuto-a-minuto","category-zona-blanca","tag-horacio-sosa-villavicencio"],"jetpack_featured_media_url":"https:\/\/zonaroja.com.mx\/wp-content\/uploads\/2023\/07\/Glifosato-prohibicion.jpeg","jetpack_sharing_enabled":true,"_links":{"self":[{"href":"https:\/\/zonaroja.com.mx\/index.php?rest_route=\/wp\/v2\/posts\/58069","targetHints":{"allow":["GET"]}}],"collection":[{"href":"https:\/\/zonaroja.com.mx\/index.php?rest_route=\/wp\/v2\/posts"}],"about":[{"href":"https:\/\/zonaroja.com.mx\/index.php?rest_route=\/wp\/v2\/types\/post"}],"author":[{"embeddable":true,"href":"https:\/\/zonaroja.com.mx\/index.php?rest_route=\/wp\/v2\/users\/2"}],"replies":[{"embeddable":true,"href":"https:\/\/zonaroja.com.mx\/index.php?rest_route=%2Fwp%2Fv2%2Fcomments&post=58069"}],"version-history":[{"count":1,"href":"https:\/\/zonaroja.com.mx\/index.php?rest_route=\/wp\/v2\/posts\/58069\/revisions"}],"predecessor-version":[{"id":58071,"href":"https:\/\/zonaroja.com.mx\/index.php?rest_route=\/wp\/v2\/posts\/58069\/revisions\/58071"}],"wp:featuredmedia":[{"embeddable":true,"href":"https:\/\/zonaroja.com.mx\/index.php?rest_route=\/wp\/v2\/media\/58070"}],"wp:attachment":[{"href":"https:\/\/zonaroja.com.mx\/index.php?rest_route=%2Fwp%2Fv2%2Fmedia&parent=58069"}],"wp:term":[{"taxonomy":"category","embeddable":true,"href":"https:\/\/zonaroja.com.mx\/index.php?rest_route=%2Fwp%2Fv2%2Fcategories&post=58069"},{"taxonomy":"post_tag","embeddable":true,"href":"https:\/\/zonaroja.com.mx\/index.php?rest_route=%2Fwp%2Fv2%2Ftags&post=58069"}],"curies":[{"name":"wp","href":"https:\/\/api.w.org\/{rel}","templated":true}]}}