{"id":58077,"date":"2023-07-28T08:46:14","date_gmt":"2023-07-28T13:46:14","guid":{"rendered":"http:\/\/www.zonaroja.com.mx\/?p=58077"},"modified":"2023-07-28T08:46:18","modified_gmt":"2023-07-28T13:46:18","slug":"enfrentamientos-en-guerrero-dejan-al-menos-11-personas-muertas","status":"publish","type":"post","link":"https:\/\/zonaroja.com.mx\/?p=58077","title":{"rendered":"Enfrentamientos en Guerrero dejan al menos 11 personas muertas"},"content":{"rendered":"\n<p>Redacci\u00f3n\/Zona Roja Cdmx.<\/p>\n\n\n\n<p>Ciudad de M\u00e9xico, a 28 de julio de 2023.- Al menos once personas muertas es el saldo de sendos enfrentamientos ocurridos en las \u00faltimas horas en los municipios de Tecoanapa y Eduardo Neri, en el estado de Guerrero.<\/p>\n\n\n\n<p>Los primeros reportes, indican que cerca de las 19:00 horas de este mi\u00e9rcoles, un grupo armado se enfrent\u00f3 con autodefensas de la Uni\u00f3n de Pueblos y Organizaciones del Estado de Guerrero (UPOEG) en el municipio de Tecoanapa, en la Costa Chica.<\/p>\n\n\n\n<p>Todo inici\u00f3 cuando el grupo armado atac\u00f3 y, posteriormente prendi\u00f3 fuego a un domicilio en cuyo interior se encontraban cuatro personas, seg\u00fan report\u00f3 la Fiscal\u00eda General del Estado.<\/p>\n\n\n\n<p>El saldo preliminar del enfrentamiento, es de siete personas muertas y un lesionado.<\/p>\n\n\n\n<p>En otro hecho, ocurrido en el municipio Eduardo Neri, elementos policiacos se enfrentaron con armas de fuego con grupos criminales, lo que dej\u00f3 un saldo de al menos cuatro polic\u00edas muertos, que deriv\u00f3 en un fuerte operativo para dar con los responsables.<\/p>\n\n\n\n<p>Sin embargo, informes preliminares reportan que entre las personas muertas estar\u00edan el coordinador de la Polic\u00eda Estatal de la regi\u00f3n centro, as\u00ed como dos polic\u00edas estatales (escoltas) y un polic\u00eda municipal.<\/p>\n\n\n\n<p>En ambos enfrentamientos, las autoridades municipales y estatales han desplegado operativos para allegarse de mayor informaci\u00f3n sobre las causas que los motivaron y poder obtener datos de prueba necesarios para llevar ante la justicia a los responsables de esos lamentables hechos.<\/p>\n\n\n\n<p>(Informaci\u00f3n de Expansi\u00f3n Pol\u00edtica)<\/p>\n","protected":false},"excerpt":{"rendered":"<p>Redacci\u00f3n\/Zona Roja Cdmx. Ciudad de M\u00e9xico, a 28 de julio de 2023.- Al menos once&hellip;<\/p>\n","protected":false},"author":2,"featured_media":58078,"comment_status":"closed","ping_status":"open","sticky":false,"template":"","format":"standard","meta":{"_lmt_disableupdate":"","_lmt_disable":"","_jetpack_memberships_contains_paid_content":false,"footnotes":""},"categories":[109,51],"tags":[1746],"class_list":["post-58077","post","type-post","status-publish","format-standard","has-post-thumbnail","hentry","category-minuto-a-minuto","category-zona-roja","tag-violencia-en-mexico"],"jetpack_featured_media_url":"https:\/\/zonaroja.com.mx\/wp-content\/uploads\/2023\/07\/Asesinatos-Guerrero.webp","jetpack_sharing_enabled":true,"_links":{"self":[{"href":"https:\/\/zonaroja.com.mx\/index.php?rest_route=\/wp\/v2\/posts\/58077","targetHints":{"allow":["GET"]}}],"collection":[{"href":"https:\/\/zonaroja.com.mx\/index.php?rest_route=\/wp\/v2\/posts"}],"about":[{"href":"https:\/\/zonaroja.com.mx\/index.php?rest_route=\/wp\/v2\/types\/post"}],"author":[{"embeddable":true,"href":"https:\/\/zonaroja.com.mx\/index.php?rest_route=\/wp\/v2\/users\/2"}],"replies":[{"embeddable":true,"href":"https:\/\/zonaroja.com.mx\/index.php?rest_route=%2Fwp%2Fv2%2Fcomments&post=58077"}],"version-history":[{"count":1,"href":"https:\/\/zonaroja.com.mx\/index.php?rest_route=\/wp\/v2\/posts\/58077\/revisions"}],"predecessor-version":[{"id":58079,"href":"https:\/\/zonaroja.com.mx\/index.php?rest_route=\/wp\/v2\/posts\/58077\/revisions\/58079"}],"wp:featuredmedia":[{"embeddable":true,"href":"https:\/\/zonaroja.com.mx\/index.php?rest_route=\/wp\/v2\/media\/58078"}],"wp:attachment":[{"href":"https:\/\/zonaroja.com.mx\/index.php?rest_route=%2Fwp%2Fv2%2Fmedia&parent=58077"}],"wp:term":[{"taxonomy":"category","embeddable":true,"href":"https:\/\/zonaroja.com.mx\/index.php?rest_route=%2Fwp%2Fv2%2Fcategories&post=58077"},{"taxonomy":"post_tag","embeddable":true,"href":"https:\/\/zonaroja.com.mx\/index.php?rest_route=%2Fwp%2Fv2%2Ftags&post=58077"}],"curies":[{"name":"wp","href":"https:\/\/api.w.org\/{rel}","templated":true}]}}