{"id":5808,"date":"2019-11-16T20:19:50","date_gmt":"2019-11-17T02:19:50","guid":{"rendered":"http:\/\/www.zonaroja.com.mx\/?p=5808"},"modified":"2019-11-16T20:19:53","modified_gmt":"2019-11-17T02:19:53","slug":"destinan-2-7-mdp-para-becas-de-estudiantes-que-son-madres-y-embarazadas","status":"publish","type":"post","link":"https:\/\/zonaroja.com.mx\/?p=5808","title":{"rendered":"Destinan 2.7 mdp para becas de estudiantes que son madres y embarazadas"},"content":{"rendered":"\n<p>Redacci\u00f3n\/Zona Roja.<\/p>\n\n\n\n<p>Oaxaca de Ju\u00e1rez, Oax., 16 de noviembre\nde 2019.- Autoridades estatales y federales destinan este a\u00f1o dos millones 695\nmil pesos para el programa Beca de Apoyo a la Educaci\u00f3n B\u00e1sica de Madres\nJ\u00f3venes y J\u00f3venes Embarazadas del Programa Nacional de Becas.<\/p>\n\n\n\n<p>De acuerdo con el Instituto Estatal de\nEducaci\u00f3n P\u00fablica de Oaxaca (IEEPO) este fin de semana se realiz\u00f3 la entrega\ndel ejercicio fiscal 2019, a 487 beneficiarias de las ocho regiones de la\nentidad, correspondiente al segundo semestre del a\u00f1o.<\/p>\n\n\n\n<p>Expuso que en coordinaci\u00f3n con la\nSecretar\u00eda de Educaci\u00f3n P\u00fablica (SEP), y como prioridad del gobernador\nAlejandro Murat Hinojosa de apoyar a quienes se encuentran en una situaci\u00f3n\nvulnerable, se otorgan a las j\u00f3venes beneficiadas incentivos econ\u00f3micos para\nque puedan iniciar, continuar o concluir sus estudios de nivel b\u00e1sico, como son\nprimaria y secundaria, o bien, ser alfabetizadas.<\/p>\n\n\n\n<p>En el encuentro, que congreg\u00f3 a madres\nj\u00f3venes y j\u00f3venes embarazadas de Oaxaca de Ju\u00e1rez, Zimatl\u00e1n de \u00c1lvarez, Ocotl\u00e1n\nde Morelos, Tlacolula de Matamoros, San Pedro y San Pablo Ayutla e Ixtl\u00e1n de Ju\u00e1rez,\nlos representantes de las diferentes dependencias del Gobierno del Estado las\nexhortaron a seguir prepar\u00e1ndose y a convertirse en agentes de cambio.<\/p>\n\n\n\n<p>A nombre de Francisco \u00c1ngel Villarreal,\ndirector General del IEEPO, el director de Desarrollo Educativo, Luis Antonio\nCalder\u00f3n Bola\u00f1os, se\u00f1al\u00f3 que este programa tiene como objetivo reducir el\nrezago educativo, por lo cual desde su implementaci\u00f3n en Oaxaca, en el a\u00f1o\n2010, ha beneficiado a m\u00e1s de cuatro mil 600 becarias de toda la entidad.<\/p>\n\n\n\n<p>Al ser parte de la Beca de Apoyo a la\nEducaci\u00f3n B\u00e1sica de Madres J\u00f3venes y J\u00f3venes Embarazadas, la cual se les otorga\nsin importar su estado civil, las beneficiarias son acreedoras a un incentivo\necon\u00f3mico de 850 pesos mensuales durante 10 meses por ejercicio fiscal y de esta\nforma se fortalecen sus oportunidades educativas.<\/p>\n\n\n\n<p>Con la aplicaci\u00f3n de este programa, el\nIEEPO refrenda su compromiso con las ni\u00f1as y j\u00f3venes oaxaque\u00f1as de mayor\nvulnerabilidad con el fin de que puedan acceder a los servicios educativos a\nlos que tienen derecho y garantizar la conclusi\u00f3n de sus estudios b\u00e1sicos.<\/p>\n","protected":false},"excerpt":{"rendered":"<p>Redacci\u00f3n\/Zona Roja. Oaxaca de Ju\u00e1rez, Oax., 16 de noviembre de 2019.- Autoridades estatales y federales&hellip;<\/p>\n","protected":false},"author":2,"featured_media":5809,"comment_status":"closed","ping_status":"open","sticky":false,"template":"","format":"standard","meta":{"_lmt_disableupdate":"","_lmt_disable":"","_jetpack_memberships_contains_paid_content":false,"footnotes":""},"categories":[109,46],"tags":[599],"class_list":["post-5808","post","type-post","status-publish","format-standard","has-post-thumbnail","hentry","category-minuto-a-minuto","category-zona-blanca","tag-instituto-estatal-de-educacion-publica-de-oaxaca"],"jetpack_featured_media_url":"https:\/\/zonaroja.com.mx\/wp-content\/uploads\/2019\/11\/IEEPO-2.jpg","jetpack_sharing_enabled":true,"_links":{"self":[{"href":"https:\/\/zonaroja.com.mx\/index.php?rest_route=\/wp\/v2\/posts\/5808","targetHints":{"allow":["GET"]}}],"collection":[{"href":"https:\/\/zonaroja.com.mx\/index.php?rest_route=\/wp\/v2\/posts"}],"about":[{"href":"https:\/\/zonaroja.com.mx\/index.php?rest_route=\/wp\/v2\/types\/post"}],"author":[{"embeddable":true,"href":"https:\/\/zonaroja.com.mx\/index.php?rest_route=\/wp\/v2\/users\/2"}],"replies":[{"embeddable":true,"href":"https:\/\/zonaroja.com.mx\/index.php?rest_route=%2Fwp%2Fv2%2Fcomments&post=5808"}],"version-history":[{"count":1,"href":"https:\/\/zonaroja.com.mx\/index.php?rest_route=\/wp\/v2\/posts\/5808\/revisions"}],"predecessor-version":[{"id":5810,"href":"https:\/\/zonaroja.com.mx\/index.php?rest_route=\/wp\/v2\/posts\/5808\/revisions\/5810"}],"wp:featuredmedia":[{"embeddable":true,"href":"https:\/\/zonaroja.com.mx\/index.php?rest_route=\/wp\/v2\/media\/5809"}],"wp:attachment":[{"href":"https:\/\/zonaroja.com.mx\/index.php?rest_route=%2Fwp%2Fv2%2Fmedia&parent=5808"}],"wp:term":[{"taxonomy":"category","embeddable":true,"href":"https:\/\/zonaroja.com.mx\/index.php?rest_route=%2Fwp%2Fv2%2Fcategories&post=5808"},{"taxonomy":"post_tag","embeddable":true,"href":"https:\/\/zonaroja.com.mx\/index.php?rest_route=%2Fwp%2Fv2%2Ftags&post=5808"}],"curies":[{"name":"wp","href":"https:\/\/api.w.org\/{rel}","templated":true}]}}