{"id":58082,"date":"2023-07-28T10:49:00","date_gmt":"2023-07-28T15:49:00","guid":{"rendered":"http:\/\/www.zonaroja.com.mx\/?p=58082"},"modified":"2023-07-28T09:06:58","modified_gmt":"2023-07-28T14:06:58","slug":"confirma-neri-danos-a-el-llano-por-expoferia-pero-no-habra-sancion","status":"publish","type":"post","link":"https:\/\/zonaroja.com.mx\/?p=58082","title":{"rendered":"Confirma Neri da\u00f1os a \u201cEl Llano\u201d por expoferia\u2026 pero no habr\u00e1 sanci\u00f3n"},"content":{"rendered":"\n<p>Ismael Garc\u00eda M.\/Zona Roja.<\/p>\n\n\n\n<p>Oaxaca de Ju\u00e1rez, Oax., a 28 de julio de 2023.- El presidente municipal de Oaxaca de Ju\u00e1rez, Francisco Mart\u00ednez Neri, confirm\u00f3 que el parque \u201cEl Llano\u201d registra da\u00f1os por la reciente instalaci\u00f3n de una feria gastron\u00f3mica; sin embargo, dijo que no habr\u00e1 sanci\u00f3n.<\/p>\n\n\n\n<p>En el marco de las fiestas de la Guelaguetza, la Secretar\u00eda de Turismo de Oaxaca instal\u00f3 una feria en dicho parque, ubicado entre la avenida Ju\u00e1rez y la calle Pino Su\u00e1rez de la capital; su titular Saymi Pineda, hab\u00eda garantizado que no habr\u00eda da\u00f1os.<\/p>\n\n\n\n<p>Previo a ello, organismos aglutinados en el Colectivo de Organizaciones Ambientalistas de Oaxaca (COAO) hab\u00edan advertido las afectaciones que habr\u00eda y en diversas denuncias y protestas exigieron que no se instalaran los m\u00f3dulos.<\/p>\n\n\n\n<p>Tras el retiro ayer de las estructuras y lonas, quedaron al descubierto los da\u00f1os a cantera, pisos y \u00e1reas jardinadas.<\/p>\n\n\n\n<p>\u201cSe hizo una revisi\u00f3n de la zona y s\u00ed hay situaciones que necesitamos revisar en t\u00e9rminos de qu\u00e9 vamos a hacer en lo futuro. En lo futuro lo que se est\u00e1 planteando con los regidores es el poder reglamentar el uso de los espacios e inclusive ver el hecho de que puedan evitarse.<\/p>\n\n\n\n<p>\u201cEn el caso de algunos lugares pues hay sedimentos, grasas y una serie de cosas que necesitamos tratar de una manera tal que se evite el deterioro\u201d, dijo ayer el edil en entrevista colectiva.<\/p>\n\n\n\n<p>\u2014Pero all\u00e1 en \u201cEl Llano\u201d ya los vecinos y ambientalistas advert\u00edan que iba a haber da\u00f1os.<\/p>\n\n\n\n<p>\u2014S\u00ed, no, claro, nosotros tambi\u00e9n lo advert\u00edamos; sin embargo, creo que es un tema que ya ha venido analiz\u00e1ndose, discuti\u00e9ndose, para poder convertirlo en un acuerdo.<\/p>\n\n\n\n<p>\u2014\u00bfPero habr\u00e1 sanciones en este caso para la autoridad estatal?<\/p>\n\n\n\n<p>\u2014No, yo creo que no; no estamos en una postura de sancionar, m\u00e1s bien de regular, de ver qu\u00e9 es lo que hacemos en el futuro, reglamentar.<\/p>\n\n\n\n<p>\u2014Semanas atr\u00e1s usted hab\u00eda hecho el compromiso de revisar esa situaci\u00f3n.<\/p>\n\n\n\n<p>\u2014No ha avanzado, por eso la necesidad hoy de impulsar una reuni\u00f3n la pr\u00f3xima semana para poder tratar el tema y tomar decisiones.<\/p>\n\n\n\n<p>\u2014Pero incluso desde diciembre lo tra\u00edan con la verbena de la Virgen de La Soledad\u2026<\/p>\n\n\n\n<p>\u2014Son temas que tenemos que revisar, que ocurren y que requieren una revisi\u00f3n\u2026\u00a0 \u2014respondi\u00f3 Mart\u00ednez Neri sobre el caso.<\/p>\n\n\n\n<figure class=\"wp-block-embed is-type-rich is-provider-twitter wp-block-embed-twitter\"><div class=\"wp-block-embed__wrapper\">\n<div class=\"twitter-tweet\"><blockquote class=\"twitter-tweet\" data-lang=\"es\"><p lang=\"es\" dir=\"ltr\">B) El presidente municipal de Oaxaca de Ju\u00e1rez, <a href=\"https:\/\/twitter.com\/FMartinezNeri?ref_src=twsrc%5Etfw\">@FMartinezNeri<\/a>, reconoci\u00f3 que hubo afectaciones en diversas \u00e1reas del parque \u201cEl Llano\u201d, por la colocaci\u00f3n de la feria gastron\u00f3mica.<br>Sin embargo, dijo que no habr\u00e1 sanciones y que el Cabildo analizar\u00e1 medidas para evitar este tipo\u2026 <a href=\"https:\/\/t.co\/3hZBz1Tcc0\">pic.twitter.com\/3hZBz1Tcc0<\/a><\/p>&mdash; Zona Roja Oaxaca (@ZonaRoja_Oaxaca) <a href=\"https:\/\/twitter.com\/ZonaRoja_Oaxaca\/status\/1684761410947997696?ref_src=twsrc%5Etfw\">28 de julio de 2023<\/a><\/blockquote><\/div>\n<\/div><\/figure>\n","protected":false},"excerpt":{"rendered":"<p>Ismael Garc\u00eda M.\/Zona Roja. Oaxaca de Ju\u00e1rez, Oax., a 28 de julio de 2023.- El&hellip;<\/p>\n","protected":false},"author":2,"featured_media":58083,"comment_status":"closed","ping_status":"open","sticky":false,"template":"","format":"standard","meta":{"_lmt_disableupdate":"","_lmt_disable":"","_jetpack_memberships_contains_paid_content":false,"footnotes":""},"categories":[109,47],"tags":[2418],"class_list":["post-58082","post","type-post","status-publish","format-standard","has-post-thumbnail","hentry","category-minuto-a-minuto","category-zona-gris","tag-francisco-martinez-neri"],"jetpack_featured_media_url":"https:\/\/zonaroja.com.mx\/wp-content\/uploads\/2023\/07\/Francisco-Martinez-Neri.jpg","jetpack_sharing_enabled":true,"_links":{"self":[{"href":"https:\/\/zonaroja.com.mx\/index.php?rest_route=\/wp\/v2\/posts\/58082","targetHints":{"allow":["GET"]}}],"collection":[{"href":"https:\/\/zonaroja.com.mx\/index.php?rest_route=\/wp\/v2\/posts"}],"about":[{"href":"https:\/\/zonaroja.com.mx\/index.php?rest_route=\/wp\/v2\/types\/post"}],"author":[{"embeddable":true,"href":"https:\/\/zonaroja.com.mx\/index.php?rest_route=\/wp\/v2\/users\/2"}],"replies":[{"embeddable":true,"href":"https:\/\/zonaroja.com.mx\/index.php?rest_route=%2Fwp%2Fv2%2Fcomments&post=58082"}],"version-history":[{"count":1,"href":"https:\/\/zonaroja.com.mx\/index.php?rest_route=\/wp\/v2\/posts\/58082\/revisions"}],"predecessor-version":[{"id":58084,"href":"https:\/\/zonaroja.com.mx\/index.php?rest_route=\/wp\/v2\/posts\/58082\/revisions\/58084"}],"wp:featuredmedia":[{"embeddable":true,"href":"https:\/\/zonaroja.com.mx\/index.php?rest_route=\/wp\/v2\/media\/58083"}],"wp:attachment":[{"href":"https:\/\/zonaroja.com.mx\/index.php?rest_route=%2Fwp%2Fv2%2Fmedia&parent=58082"}],"wp:term":[{"taxonomy":"category","embeddable":true,"href":"https:\/\/zonaroja.com.mx\/index.php?rest_route=%2Fwp%2Fv2%2Fcategories&post=58082"},{"taxonomy":"post_tag","embeddable":true,"href":"https:\/\/zonaroja.com.mx\/index.php?rest_route=%2Fwp%2Fv2%2Ftags&post=58082"}],"curies":[{"name":"wp","href":"https:\/\/api.w.org\/{rel}","templated":true}]}}