{"id":58090,"date":"2023-07-28T20:26:30","date_gmt":"2023-07-29T01:26:30","guid":{"rendered":"http:\/\/www.zonaroja.com.mx\/?p=58090"},"modified":"2023-07-28T20:26:34","modified_gmt":"2023-07-29T01:26:34","slug":"designacion-es-constitucional-dice-presidente-del-nuevo-tribunal-de-justicia-administrativa","status":"publish","type":"post","link":"https:\/\/zonaroja.com.mx\/?p=58090","title":{"rendered":"Designaci\u00f3n es constitucional, dice presidente del nuevo Tribunal de Justicia Administrativa\u00a0"},"content":{"rendered":"\n<p>Redacci\u00f3n\/Zona Roja.&nbsp;<\/p>\n\n\n\n<p>Oaxaca de Ju\u00e1rez, Oax., 28 de julio de 2023.- La designaci\u00f3n, ratificaci\u00f3n e integraci\u00f3n de las magistraturas del Tribunal de Justicia Administrativa y Combate a la Corrupci\u00f3n del Estado de Oaxaca (TJACCO), se realiz\u00f3 con base en la ley y en pleno respeto al orden constitucional, acci\u00f3n que fue reconocida por la Suprema Corte de Justicia de la Naci\u00f3n (SCJN), afirm\u00f3 el magistrado presidente del nuevo organismo, Mateo Mart\u00ednez Mart\u00ednez.<\/p>\n\n\n\n<p>Indic\u00f3 que la admisi\u00f3n de la controversia constitucional 396\/2023 por parte de la Suprema Corte, con la cual se concedi\u00f3 una suspensi\u00f3n parcial de las solicitadas por las y los ex magistrados del extinto Tribunal de Justicia Administrativa, est\u00e1 basada en informaci\u00f3n incorrecta, toda vez que tanto la reforma, como la designaci\u00f3n de las propuestas por parte del Ejecutivo estatal, as\u00ed como la ratificaci\u00f3n de las mismas por el Congreso local, se encuentran publicadas en el Peri\u00f3dico Oficial del Gobierno del Estado.<\/p>\n\n\n\n<p>Explic\u00f3 que no se puede interpretar una suspensi\u00f3n sobre actos que ya fueron consumados, pues las y los ex magistrados alegaron la falta de cumplimiento del procedimiento legislativo y de la publicaci\u00f3n en el Peri\u00f3dico Oficial, cuando estos s\u00ed fueron publicados, es decir, la reforma, designaci\u00f3n y ratificaci\u00f3n de las y los integrantes del TJACCO son completamente legales.<\/p>\n\n\n\n<p>\u201cCoincidimos con lo se\u00f1alado por el alto tribunal del pa\u00eds, respecto a la necesidad de asegurar que las personas habitantes de Oaxaca cuenten con un Tribunal ante el cual puedan dirimir sus diferencias frente a la administraci\u00f3n p\u00fablica estatal y evitar una vulneraci\u00f3n del derecho humano a la impartici\u00f3n de justicia pronta y expedita, y las acciones realizadas por las y los ex magistrados, vulneran precisamente ese derecho, con informaci\u00f3n sesgada o err\u00f3nea\u201d, resalt\u00f3.<\/p>\n\n\n\n<p>Mart\u00ednez Mart\u00ednez destac\u00f3 que es importante que las oaxaque\u00f1as y oaxaque\u00f1os, sepan que el Tribunal es el medio por el cual se atienden sus denuncias frente a actos de corrupci\u00f3n o abuso de poder en materia administrativa por parte de las autoridades municipales y estatal, as\u00ed como de las diferentes instituciones que la integran.<\/p>\n\n\n\n<p>\u201cCon el nuevo Tribunal de Justicia Administrativa y Combate a la Corrupci\u00f3n del Estado de Oaxaca, se busca que la ciudadan\u00eda sepa que existe en la entidad un \u00f3rgano jurisdiccional que defiende sus derechos, en apego a las leyes\u201d, concluy\u00f3.<\/p>\n\n\n\n<p>(Comunicado)<\/p>\n","protected":false},"excerpt":{"rendered":"<p>Redacci\u00f3n\/Zona Roja.&nbsp; Oaxaca de Ju\u00e1rez, Oax., 28 de julio de 2023.- La designaci\u00f3n, ratificaci\u00f3n e&hellip;<\/p>\n","protected":false},"author":2,"featured_media":58087,"comment_status":"closed","ping_status":"open","sticky":false,"template":"","format":"standard","meta":{"_lmt_disableupdate":"","_lmt_disable":"","_jetpack_memberships_contains_paid_content":false,"footnotes":""},"categories":[109,46],"tags":[3625],"class_list":["post-58090","post","type-post","status-publish","format-standard","has-post-thumbnail","hentry","category-minuto-a-minuto","category-zona-blanca","tag-tribunal-de-justicia-administrativa-y-combate-a-la-corrupcion"],"jetpack_featured_media_url":"https:\/\/zonaroja.com.mx\/wp-content\/uploads\/2023\/07\/MAGISTRADO-PRESIDENTE.jpg","jetpack_sharing_enabled":true,"_links":{"self":[{"href":"https:\/\/zonaroja.com.mx\/index.php?rest_route=\/wp\/v2\/posts\/58090","targetHints":{"allow":["GET"]}}],"collection":[{"href":"https:\/\/zonaroja.com.mx\/index.php?rest_route=\/wp\/v2\/posts"}],"about":[{"href":"https:\/\/zonaroja.com.mx\/index.php?rest_route=\/wp\/v2\/types\/post"}],"author":[{"embeddable":true,"href":"https:\/\/zonaroja.com.mx\/index.php?rest_route=\/wp\/v2\/users\/2"}],"replies":[{"embeddable":true,"href":"https:\/\/zonaroja.com.mx\/index.php?rest_route=%2Fwp%2Fv2%2Fcomments&post=58090"}],"version-history":[{"count":1,"href":"https:\/\/zonaroja.com.mx\/index.php?rest_route=\/wp\/v2\/posts\/58090\/revisions"}],"predecessor-version":[{"id":58091,"href":"https:\/\/zonaroja.com.mx\/index.php?rest_route=\/wp\/v2\/posts\/58090\/revisions\/58091"}],"wp:featuredmedia":[{"embeddable":true,"href":"https:\/\/zonaroja.com.mx\/index.php?rest_route=\/wp\/v2\/media\/58087"}],"wp:attachment":[{"href":"https:\/\/zonaroja.com.mx\/index.php?rest_route=%2Fwp%2Fv2%2Fmedia&parent=58090"}],"wp:term":[{"taxonomy":"category","embeddable":true,"href":"https:\/\/zonaroja.com.mx\/index.php?rest_route=%2Fwp%2Fv2%2Fcategories&post=58090"},{"taxonomy":"post_tag","embeddable":true,"href":"https:\/\/zonaroja.com.mx\/index.php?rest_route=%2Fwp%2Fv2%2Ftags&post=58090"}],"curies":[{"name":"wp","href":"https:\/\/api.w.org\/{rel}","templated":true}]}}