{"id":58092,"date":"2023-07-28T21:11:32","date_gmt":"2023-07-29T02:11:32","guid":{"rendered":"http:\/\/www.zonaroja.com.mx\/?p=58092"},"modified":"2023-07-28T21:11:36","modified_gmt":"2023-07-29T02:11:36","slug":"acumula-oaxaca-274-casos-de-dengue-y-tres-defunciones","status":"publish","type":"post","link":"https:\/\/zonaroja.com.mx\/?p=58092","title":{"rendered":"Acumula Oaxaca 274 casos de dengue y tres defunciones"},"content":{"rendered":"\n<p>Redacci\u00f3n\/Zona Roja.<\/p>\n\n\n\n<p>Oaxaca de Ju\u00e1rez, Oax., a 28 de julio de 2023.- La dependencia estatal Servicios de Salud de Oaxaca (SSO) confirm\u00f3 que, hasta la semana epidemiol\u00f3gica n\u00famero 29, a nivel estatal se reportaron 67 casos de dengue nuevos confirmados, un total de 274 acumulados en lo que va del a\u00f1o.<\/p>\n\n\n\n<p>Asimismo, tres defunciones; dos corresponden a la Jurisdicci\u00f3n Sanitaria n\u00famero 1 Valles Centrales y una a la Jurisdicci\u00f3n Sanitaria n\u00famero 3 Tuxtepec.<\/p>\n\n\n\n<p>De acuerdo a su clasificaci\u00f3n cl\u00ednica, 125 casos corresponden a Dengue No Grave y 149 a Dengue Con Signos de Alarma + Dengue Grave; Por g\u00e9nero, 158 casos corresponden al femenino y 116 al masculino.<\/p>\n\n\n\n<p>En un comunicado de prensa, el Gobierno del Estado detall\u00f3 que por Jurisdicci\u00f3n Sanitaria, 198 pacientes pertenecen a Valles Centrales, 12 al Istmo, 15 a Tuxtepec, 24 a la Costa, 21 a la Mixteca y cuatro a la Sierra.<\/p>\n\n\n\n<p>Ante ello, la instituci\u00f3n SSO inform\u00f3 que se mantienen actividades de fomento y control del zancudo, adem\u00e1s de invitaciones a la poblaci\u00f3n para realizar la estrategia de patio y vivienda limpia con acciones de lavar, tapar, voltear y tirar.<\/p>\n\n\n\n<p>\u201cPara la administraci\u00f3n estatal es una prioridad la atenci\u00f3n de esta enfermedad, por lo que se ha instruido a las \u00e1reas respectivas fortalecer las actividades encaminadas a la disminuci\u00f3n de riesgos para la poblaci\u00f3n\u201d, detall\u00f3.&nbsp;<\/p>\n\n\n\n<p>Recomend\u00f3 evitar la automedicaci\u00f3n, y acudir de manera inmediata a su unidad de salud m\u00e1s cercana para otorgar seguimiento oportuno a los s\u00edntomas y evitar complicaciones a la salud. \u00ad\u00ad<\/p>\n\n\n\n<p>En ese contexto, personal de Vigilancia Epidemiol\u00f3gica y Vectores de los Servicios de Salud de Oaxaca (SSO) participaron en la reuni\u00f3n interestatal del Programa de Enfermedades Transmitidas por Vectores 2023, la cual tuvo como sede Acatl\u00e1n, Osorio, estado de Puebla.<\/p>\n\n\n\n<p>Lo anterior con el objetivo de establecer acuerdos de trabajo simult\u00e1neo para la contenci\u00f3n y control del dengue en las zonas lim\u00edtrofes entre ambos estados, ya que, por el movimiento poblacional constante, existe un riesgo latente de aumento de casos de este padecimiento, sobre todo en los meses de lluvias m\u00e1s intensas.<\/p>\n","protected":false},"excerpt":{"rendered":"<p>Redacci\u00f3n\/Zona Roja. Oaxaca de Ju\u00e1rez, Oax., a 28 de julio de 2023.- La dependencia estatal&hellip;<\/p>\n","protected":false},"author":2,"featured_media":58094,"comment_status":"closed","ping_status":"open","sticky":false,"template":"","format":"standard","meta":{"_lmt_disableupdate":"","_lmt_disable":"","_jetpack_memberships_contains_paid_content":false,"footnotes":""},"categories":[109,47],"tags":[613],"class_list":["post-58092","post","type-post","status-publish","format-standard","has-post-thumbnail","hentry","category-minuto-a-minuto","category-zona-gris","tag-dengue-oaxaca"],"jetpack_featured_media_url":"https:\/\/zonaroja.com.mx\/wp-content\/uploads\/2023\/07\/Dengue-Oaxaca-.jpg","jetpack_sharing_enabled":true,"_links":{"self":[{"href":"https:\/\/zonaroja.com.mx\/index.php?rest_route=\/wp\/v2\/posts\/58092","targetHints":{"allow":["GET"]}}],"collection":[{"href":"https:\/\/zonaroja.com.mx\/index.php?rest_route=\/wp\/v2\/posts"}],"about":[{"href":"https:\/\/zonaroja.com.mx\/index.php?rest_route=\/wp\/v2\/types\/post"}],"author":[{"embeddable":true,"href":"https:\/\/zonaroja.com.mx\/index.php?rest_route=\/wp\/v2\/users\/2"}],"replies":[{"embeddable":true,"href":"https:\/\/zonaroja.com.mx\/index.php?rest_route=%2Fwp%2Fv2%2Fcomments&post=58092"}],"version-history":[{"count":1,"href":"https:\/\/zonaroja.com.mx\/index.php?rest_route=\/wp\/v2\/posts\/58092\/revisions"}],"predecessor-version":[{"id":58095,"href":"https:\/\/zonaroja.com.mx\/index.php?rest_route=\/wp\/v2\/posts\/58092\/revisions\/58095"}],"wp:featuredmedia":[{"embeddable":true,"href":"https:\/\/zonaroja.com.mx\/index.php?rest_route=\/wp\/v2\/media\/58094"}],"wp:attachment":[{"href":"https:\/\/zonaroja.com.mx\/index.php?rest_route=%2Fwp%2Fv2%2Fmedia&parent=58092"}],"wp:term":[{"taxonomy":"category","embeddable":true,"href":"https:\/\/zonaroja.com.mx\/index.php?rest_route=%2Fwp%2Fv2%2Fcategories&post=58092"},{"taxonomy":"post_tag","embeddable":true,"href":"https:\/\/zonaroja.com.mx\/index.php?rest_route=%2Fwp%2Fv2%2Ftags&post=58092"}],"curies":[{"name":"wp","href":"https:\/\/api.w.org\/{rel}","templated":true}]}}