{"id":58096,"date":"2023-07-29T11:00:00","date_gmt":"2023-07-29T16:00:00","guid":{"rendered":"http:\/\/www.zonaroja.com.mx\/?p=58096"},"modified":"2023-07-29T19:45:16","modified_gmt":"2023-07-30T00:45:16","slug":"julio-sera-el-mes-caluroso-en-e-mundo-alerta-la-onu","status":"publish","type":"post","link":"https:\/\/zonaroja.com.mx\/?p=58096","title":{"rendered":"Julio ser\u00e1 el mes caluroso en el mundo, alerta la ONU"},"content":{"rendered":"\n<p>Redacci\u00f3n\/Zona Roja Cdmx.<\/p>\n\n\n\n<p>Ciudad de M\u00e9xico, a 29 de julio de 2023.- Las olas de calor en M\u00e9xico y el mundo en 2023 no son una casualidad, recientemente la Organizaci\u00f3n Meteorol\u00f3gica Mundial y el Servicio Copernicus informaron que julio de este a\u00f1o es el m\u00e1s caluroso en la historia del planeta Tierra.<\/p>\n\n\n\n<p>Los registros indican que las tres \u00faltimas semanas han sido las m\u00e1s calurosas. \u201cNo tenemos que esperar a fin de mes para saber esto. (\u2026) julio de 2023 romper\u00e1 r\u00e9cords en todos los \u00e1mbitos\u201d, dijo el Secretario General de las Naciones Unidas, Ant\u00f3nio Guterres.<\/p>\n\n\n\n<p>Las olas de calor en gran parte de Am\u00e9rica del Norte, Asia y Europa, junto con los incendios forestales en pa\u00edses como Canad\u00e1 y Grecia, han tenido un gran impacto en la salud de las personas, el medio ambiente y las econom\u00edas.<\/p>\n\n\n\n<p>\u201cLa \u00fanica sorpresa es la velocidad del cambio. El cambio clim\u00e1tico est\u00e1 aqu\u00ed. Es aterrador. Y es apenas el comienzo. La era del calentamiento global ha terminado. La era de la ebullici\u00f3n global ha llegado\u201d, puntualiz\u00f3 Guterres.<\/p>\n\n\n\n<p>El director general de la OMM, Petteri Taalas, subray\u00f3 la urgencia de reducir las emisiones de gases de efecto invernadero, declarando que la acci\u00f3n clim\u00e1tica no es un lujo, sino una necesidad.<\/p>\n\n\n\n<p>Guterres reconoci\u00f3 que ha habido algunos avances en el despliegue de energ\u00edas renovables y otros \u00e1mbitos. Sin embargo, ninguno de ellos tiene el suficiente alcance ni la velocidad que se requiere.<\/p>\n\n\n\n<p>\u201cLa aceleraci\u00f3n de las temperaturas exige una acci\u00f3n acelerada\u201d, enfatiz\u00f3 y llam\u00f3 una vez m\u00e1s a los pa\u00edses del G20, responsables del 80 por ciento de las emisiones globales, a intensificar la acci\u00f3n y la justicia clim\u00e1ticas.<\/p>\n\n\n\n<p>Guterres dijo que es evidente que la humanidad ha desatado la destrucci\u00f3n, pero \u201cesto&nbsp;no debe inspirar desesperaci\u00f3n, sino acci\u00f3n\u201d, matiz\u00f3.<\/p>\n\n\n\n<p>\u201cTodav\u00eda podemos detener lo peor. Pero para hacerlo debemos&nbsp;convertir un a\u00f1o de calor ardiente en un a\u00f1o de ambici\u00f3n ardiente. Y acelerar la acci\u00f3n clim\u00e1tica, ahora\u201d, concluy\u00f3 Ant\u00f3nio Guterres.<\/p>\n\n\n\n<p>(Informaci\u00f3n de \u201cEl Financiero\u201d)<\/p>\n","protected":false},"excerpt":{"rendered":"<p>Redacci\u00f3n\/Zona Roja Cdmx. Ciudad de M\u00e9xico, a 29 de julio de 2023.- Las olas de&hellip;<\/p>\n","protected":false},"author":2,"featured_media":58093,"comment_status":"closed","ping_status":"open","sticky":false,"template":"","format":"standard","meta":{"_lmt_disableupdate":"","_lmt_disable":"","_jetpack_memberships_contains_paid_content":false,"footnotes":""},"categories":[1],"tags":[3583],"class_list":["post-58096","post","type-post","status-publish","format-standard","has-post-thumbnail","hentry","category-sin-categoria","tag-ola-de-calor"],"jetpack_featured_media_url":"https:\/\/zonaroja.com.mx\/wp-content\/uploads\/2023\/07\/Ola-de-calor.jpg","jetpack_sharing_enabled":true,"_links":{"self":[{"href":"https:\/\/zonaroja.com.mx\/index.php?rest_route=\/wp\/v2\/posts\/58096","targetHints":{"allow":["GET"]}}],"collection":[{"href":"https:\/\/zonaroja.com.mx\/index.php?rest_route=\/wp\/v2\/posts"}],"about":[{"href":"https:\/\/zonaroja.com.mx\/index.php?rest_route=\/wp\/v2\/types\/post"}],"author":[{"embeddable":true,"href":"https:\/\/zonaroja.com.mx\/index.php?rest_route=\/wp\/v2\/users\/2"}],"replies":[{"embeddable":true,"href":"https:\/\/zonaroja.com.mx\/index.php?rest_route=%2Fwp%2Fv2%2Fcomments&post=58096"}],"version-history":[{"count":2,"href":"https:\/\/zonaroja.com.mx\/index.php?rest_route=\/wp\/v2\/posts\/58096\/revisions"}],"predecessor-version":[{"id":58139,"href":"https:\/\/zonaroja.com.mx\/index.php?rest_route=\/wp\/v2\/posts\/58096\/revisions\/58139"}],"wp:featuredmedia":[{"embeddable":true,"href":"https:\/\/zonaroja.com.mx\/index.php?rest_route=\/wp\/v2\/media\/58093"}],"wp:attachment":[{"href":"https:\/\/zonaroja.com.mx\/index.php?rest_route=%2Fwp%2Fv2%2Fmedia&parent=58096"}],"wp:term":[{"taxonomy":"category","embeddable":true,"href":"https:\/\/zonaroja.com.mx\/index.php?rest_route=%2Fwp%2Fv2%2Fcategories&post=58096"},{"taxonomy":"post_tag","embeddable":true,"href":"https:\/\/zonaroja.com.mx\/index.php?rest_route=%2Fwp%2Fv2%2Ftags&post=58096"}],"curies":[{"name":"wp","href":"https:\/\/api.w.org\/{rel}","templated":true}]}}