{"id":58100,"date":"2023-07-29T09:00:00","date_gmt":"2023-07-29T14:00:00","guid":{"rendered":"http:\/\/www.zonaroja.com.mx\/?p=58100"},"modified":"2023-07-28T21:52:00","modified_gmt":"2023-07-29T02:52:00","slug":"sentencia-a-31-anos-de-prision-a-homicida-de-la-region-canada","status":"publish","type":"post","link":"https:\/\/zonaroja.com.mx\/?p=58100","title":{"rendered":"Sentencia a 31 a\u00f1os de prisi\u00f3n a homicida de la regi\u00f3n Ca\u00f1ada"},"content":{"rendered":"\n<p>Redacci\u00f3n\/Zona Roja.&nbsp;<\/p>\n\n\n\n<p>Oaxaca de Ju\u00e1rez, Oax., a 29 de julio de 2023.- La Fiscal\u00eda General del Estado de Oaxaca (FGEO) obtuvo una sentencia condenatoria de 31 a\u00f1os con tres meses de prisi\u00f3n contra una persona del sexo masculino identificada como E.P.C., responsable del delito de homicidio calificado, cometido en agravio de H.T.G., en hechos ocurridos en la regi\u00f3n Ca\u00f1ada.<\/p>\n\n\n\n<p>De acuerdo con la causa penal, los sucesos ocurrieron el 3 de mayo del a\u00f1o 2020, cuando la v\u00edctima se encontraba en la c\u00e1rcel municipal de San Francisco Huehuetl\u00e1n, cuando lleg\u00f3 E.P.C. quien dispar\u00f3 en su contra con una escopeta, infligiendo lesiones que terminaron con su vida.<\/p>\n\n\n\n<p>Ante los hechos, la Vicefiscal\u00eda General de Control Regional atrajo las investigaciones del caso, las cuales permitieron la detenci\u00f3n de E.P.C., quien fue presentado ante el Juez que, luego de evaluar las pruebas aportadas por la FGEO, dict\u00f3 sentencia condenatoria de 31 a\u00f1os con tres meses de prisi\u00f3n por el delito de homicidio calificado e impuso el pago de m\u00e1s de 434 mil pesos por el concepto de pago de reparaci\u00f3n del da\u00f1o.<\/p>\n\n\n\n<p>El trabajo de la Fiscal\u00eda de Oaxaca tiene como primer objetivo que las v\u00edctimas tengan el acceso pleno a la justicia y la reparaci\u00f3n integral del da\u00f1o.<\/p>\n\n\n\n<p>HOMICIDA VINCULADO<\/p>\n\n\n\n<p>En otro caso, y derivado de los trabajos de ciencia jur\u00eddica y de inteligencia realizados por la Fiscal\u00eda General del Estado de Oaxaca (FGEO), se obtuvo auto de vinculaci\u00f3n a proceso y prisi\u00f3n preventiva en contra de J.M.M.U. (hombre originario de Venezuela), imputado por el homicidio de H.C.L., quien al momento de los hechos se desempe\u00f1aba como regidora de San Pedro Tapanatepec, municipio ubicado en la regi\u00f3n del Istmo de Tehuantepec.<\/p>\n\n\n\n<p>De acuerdo con lo asentado en la causa penal, los acontecimientos sucedieron el 19 de enero de 2023, cuando un grupo de hombres armados arrib\u00f3 al establecimiento, propiedad de la v\u00edctima y su familia, localizado en el barrio Las Flores, de Tapanatepec.<\/p>\n\n\n\n<p>En el lugar, realizaron disparos de arma de fuego, situaci\u00f3n por la que H.C.L. result\u00f3 con severas lesiones que le provocaron la muerte. Luego del ataque armado, los agresores huyeron del lugar.&nbsp;<\/p>\n\n\n\n<p>Al tomar conocimiento de los hechos, la FGEO, a trav\u00e9s de la Vicefiscal\u00eda Regional del Istmo inici\u00f3 con las investigaciones correspondientes, con las que logr\u00f3 establecer s\u00f3lidas l\u00edneas de investigaci\u00f3n, gracias a las cuales se obtuvo una orden de aprehensi\u00f3n que se ejecut\u00f3 en contra del imputado.<\/p>\n\n\n\n<p>Luego de presentar las pruebas suficientes ante el Juez, \u00e9ste dict\u00f3 auto de vinculaci\u00f3n a proceso en contra de J.M.M.U., por el delito de homicidio calificado en contra de H.C.L., por lo que impuso prisi\u00f3n preventiva al imputado y otorg\u00f3 tres meses para el cierre de la investigaci\u00f3n complementaria.<\/p>\n\n\n\n<p>La aplicaci\u00f3n de t\u00e9cnicas especializadas para las investigaciones de delitos de alto impacto, permiten que la Fiscal\u00eda de Oaxaca entregue resultados en la resoluci\u00f3n de casos de este tipo, para preservar la paz social en las diferentes regiones del estado.<\/p>\n","protected":false},"excerpt":{"rendered":"<p>Redacci\u00f3n\/Zona Roja.&nbsp; Oaxaca de Ju\u00e1rez, Oax., a 29 de julio de 2023.- La Fiscal\u00eda General&hellip;<\/p>\n","protected":false},"author":2,"featured_media":30721,"comment_status":"closed","ping_status":"open","sticky":false,"template":"","format":"standard","meta":{"_lmt_disableupdate":"","_lmt_disable":"","_jetpack_memberships_contains_paid_content":false,"footnotes":""},"categories":[109,47],"tags":[494],"class_list":["post-58100","post","type-post","status-publish","format-standard","has-post-thumbnail","hentry","category-minuto-a-minuto","category-zona-gris","tag-fiscalia-general-del-estado-de-oaxaca"],"jetpack_featured_media_url":"https:\/\/zonaroja.com.mx\/wp-content\/uploads\/2021\/08\/Prision-carcel-3.jpg","jetpack_sharing_enabled":true,"_links":{"self":[{"href":"https:\/\/zonaroja.com.mx\/index.php?rest_route=\/wp\/v2\/posts\/58100","targetHints":{"allow":["GET"]}}],"collection":[{"href":"https:\/\/zonaroja.com.mx\/index.php?rest_route=\/wp\/v2\/posts"}],"about":[{"href":"https:\/\/zonaroja.com.mx\/index.php?rest_route=\/wp\/v2\/types\/post"}],"author":[{"embeddable":true,"href":"https:\/\/zonaroja.com.mx\/index.php?rest_route=\/wp\/v2\/users\/2"}],"replies":[{"embeddable":true,"href":"https:\/\/zonaroja.com.mx\/index.php?rest_route=%2Fwp%2Fv2%2Fcomments&post=58100"}],"version-history":[{"count":1,"href":"https:\/\/zonaroja.com.mx\/index.php?rest_route=\/wp\/v2\/posts\/58100\/revisions"}],"predecessor-version":[{"id":58101,"href":"https:\/\/zonaroja.com.mx\/index.php?rest_route=\/wp\/v2\/posts\/58100\/revisions\/58101"}],"wp:featuredmedia":[{"embeddable":true,"href":"https:\/\/zonaroja.com.mx\/index.php?rest_route=\/wp\/v2\/media\/30721"}],"wp:attachment":[{"href":"https:\/\/zonaroja.com.mx\/index.php?rest_route=%2Fwp%2Fv2%2Fmedia&parent=58100"}],"wp:term":[{"taxonomy":"category","embeddable":true,"href":"https:\/\/zonaroja.com.mx\/index.php?rest_route=%2Fwp%2Fv2%2Fcategories&post=58100"},{"taxonomy":"post_tag","embeddable":true,"href":"https:\/\/zonaroja.com.mx\/index.php?rest_route=%2Fwp%2Fv2%2Ftags&post=58100"}],"curies":[{"name":"wp","href":"https:\/\/api.w.org\/{rel}","templated":true}]}}