{"id":58106,"date":"2023-07-30T11:00:00","date_gmt":"2023-07-30T16:00:00","guid":{"rendered":"http:\/\/www.zonaroja.com.mx\/?p=58106"},"modified":"2023-07-30T07:35:07","modified_gmt":"2023-07-30T12:35:07","slug":"gobierno-de-amlo-supera-los-homicidios-registrados-en-sexenios-de-calderon-y-epn","status":"publish","type":"post","link":"https:\/\/zonaroja.com.mx\/?p=58106","title":{"rendered":"Gobierno de AMLO supera los homicidios registrados en sexenios de Calder\u00f3n y EPN"},"content":{"rendered":"\n<p>Redacci\u00f3n\/Zona Roja Cdmx.<\/p>\n\n\n\n<p>Ciudad de M\u00e9xico, a 30 de julio de 2023.- Aunque a\u00fan no concluye, el gobierno del Presidente L\u00f3pez Obrador ha superado todas las marcas del homicidio doloso.<\/p>\n\n\n\n<p>De acuerdo con cifras preliminares del Instituto Nacional de Estad\u00edstica y Geograf\u00eda (Inegi), durante el 2022 se registraron 32,223 homicidios dolosos. Con esa cifra y el acumulado de 2023 del Secretariado Ejecutivo del Sistema Nacional de Seguridad P\u00fablica (SESNSP), el gobierno de L\u00f3pez Obrador es la administraci\u00f3n m\u00e1s violenta de la historia reciente de M\u00e9xico con 156,479 muertes intencionales.<\/p>\n\n\n\n<p>En la administraci\u00f3n de Enrique Pe\u00f1a Nieto el acumulado fue de 156,066 asesinatos, mientras que en el sexenio de Felipe Calder\u00f3n, en el que se declar\u00f3 la llamada &#8216;guerra contra el narcotr\u00e1fico&#8217;, ocurrieron 120,463 muertes.<\/p>\n\n\n\n<p>El gobierno de L\u00f3pez Obrador, con m\u00e1s de un a\u00f1o por delante, supera por 413 muertes al sexenio de Pe\u00f1a Nieto y por 36,016 al de Calder\u00f3n.<\/p>\n\n\n\n<p>HAY REDUCCI\u00d3N<\/p>\n\n\n\n<p>Mientras tanto, la secretaria de Seguridad P\u00fablica, Rosa Icela Rodr\u00edguez, destac\u00f3 que, con cifras preliminares del INEGI, en 2022 se report\u00f3 una reducci\u00f3n de 9% respecto al a\u00f1o previo.<\/p>\n\n\n\n<p>Explic\u00f3 que, en conjunto, en esta administraci\u00f3n se ha logrado una reducci\u00f3n de 17%.<\/p>\n\n\n\n<p>\u201cEn el gobierno de Felipe Calder\u00f3n aumentaron los homicidios 192.8%; en el de Enrique Pe\u00f1a Nieto 59% y en la actual administraci\u00f3n llevamos una baja hasta el \u00faltimo d\u00eda del mes de junio, una reducci\u00f3n de 17%\u201d, expuso.<\/p>\n\n\n\n<p>Aunque su sexenio ya es el m\u00e1s violento por el n\u00famero de homicidios dolosos, el presidente Andr\u00e9s Manuel L\u00f3pez Obrador prev\u00e9 que al finalizar su administraci\u00f3n habr\u00e1 una disminuci\u00f3n de 20% en ese delito.<\/p>\n\n\n\n<p>\u201cEstimamos que desde que llegamos al gobierno ha disminuido el homicidio, los asesinatos, los homicidios en 17%. Si continuamos as\u00ed vamos a terminar el gobierno con alrededor del 20% de disminuci\u00f3n en homicidios, esto es un gran logro, es el fruto del trabajo que se ha realizado todos los d\u00edas con el gabinete de seguridad. Desde luego ya empieza a dar resultados la estrategia de atender las causas que originan la violencia\u201d, dijo este martes en su conferencia matutina.<\/p>\n\n\n\n<p>Informaci\u00f3n de \u201cExpansi\u00f3n Pol\u00edtica\u201d)<\/p>\n","protected":false},"excerpt":{"rendered":"<p>Redacci\u00f3n\/Zona Roja Cdmx. Ciudad de M\u00e9xico, a 30 de julio de 2023.- Aunque a\u00fan no&hellip;<\/p>\n","protected":false},"author":2,"featured_media":58110,"comment_status":"closed","ping_status":"open","sticky":false,"template":"","format":"standard","meta":{"_lmt_disableupdate":"","_lmt_disable":"","_jetpack_memberships_contains_paid_content":false,"footnotes":""},"categories":[109,47],"tags":[1746],"class_list":["post-58106","post","type-post","status-publish","format-standard","has-post-thumbnail","hentry","category-minuto-a-minuto","category-zona-gris","tag-violencia-en-mexico"],"jetpack_featured_media_url":"https:\/\/zonaroja.com.mx\/wp-content\/uploads\/2023\/07\/Violencia-en-Mexico-escena-crimen-asesinatos.jpeg","jetpack_sharing_enabled":true,"_links":{"self":[{"href":"https:\/\/zonaroja.com.mx\/index.php?rest_route=\/wp\/v2\/posts\/58106","targetHints":{"allow":["GET"]}}],"collection":[{"href":"https:\/\/zonaroja.com.mx\/index.php?rest_route=\/wp\/v2\/posts"}],"about":[{"href":"https:\/\/zonaroja.com.mx\/index.php?rest_route=\/wp\/v2\/types\/post"}],"author":[{"embeddable":true,"href":"https:\/\/zonaroja.com.mx\/index.php?rest_route=\/wp\/v2\/users\/2"}],"replies":[{"embeddable":true,"href":"https:\/\/zonaroja.com.mx\/index.php?rest_route=%2Fwp%2Fv2%2Fcomments&post=58106"}],"version-history":[{"count":2,"href":"https:\/\/zonaroja.com.mx\/index.php?rest_route=\/wp\/v2\/posts\/58106\/revisions"}],"predecessor-version":[{"id":58142,"href":"https:\/\/zonaroja.com.mx\/index.php?rest_route=\/wp\/v2\/posts\/58106\/revisions\/58142"}],"wp:featuredmedia":[{"embeddable":true,"href":"https:\/\/zonaroja.com.mx\/index.php?rest_route=\/wp\/v2\/media\/58110"}],"wp:attachment":[{"href":"https:\/\/zonaroja.com.mx\/index.php?rest_route=%2Fwp%2Fv2%2Fmedia&parent=58106"}],"wp:term":[{"taxonomy":"category","embeddable":true,"href":"https:\/\/zonaroja.com.mx\/index.php?rest_route=%2Fwp%2Fv2%2Fcategories&post=58106"},{"taxonomy":"post_tag","embeddable":true,"href":"https:\/\/zonaroja.com.mx\/index.php?rest_route=%2Fwp%2Fv2%2Ftags&post=58106"}],"curies":[{"name":"wp","href":"https:\/\/api.w.org\/{rel}","templated":true}]}}